{"id":224571,"date":"2025-07-16T17:21:49","date_gmt":"2025-07-17T00:21:49","guid":{"rendered":"https:\/\/rnoticias.com.mx\/Portal\/?p=224571"},"modified":"2025-07-16T17:21:49","modified_gmt":"2025-07-17T00:21:49","slug":"muere-conductor-calcinado-tras-choque-de-tractocamiones-en-la-guaymas-hermosillo","status":"publish","type":"post","link":"https:\/\/rnoticias.com.mx\/Portal\/2025\/07\/16\/muere-conductor-calcinado-tras-choque-de-tractocamiones-en-la-guaymas-hermosillo\/","title":{"rendered":"Muere conductor calcinado tras choque de tractocamiones en la Guaymas-Hermosillo"},"content":{"rendered":"<p class=\"ei-articleBody__StyledText-sc-1wmd47a-1 gXgyFY body-paragraph ei-article-body-text\"><i>Hermosillo.-<\/i>\u00a0Una persona perdi\u00f3 la vida durante la ma\u00f1ana de este mi\u00e9rcoles en un choque entre dos tractocamiones,<b>\u00a0a la altura del kil\u00f3metro 199<\/b>\u00a0de la carretera Guaymas-Hermosillo.<\/p>\n<p class=\"ei-articleBody__StyledText-sc-1wmd47a-1 gXgyFY body-paragraph ei-article-body-text\">El\u00a0<b>accidente\u00a0<\/b>habr\u00eda ocurrido alrededor de las 06:30 horas, cuando los dos veh\u00edculos pesados colisionaron por alcance, lo que provoc\u00f3 el incendio de uno de ellos.<\/p>\n<p class=\"ei-articleBody__StyledText-sc-1wmd47a-1 gXgyFY body-paragraph ei-article-body-text\">De acuerdo con informaci\u00f3n del subjefe de\u00a0<a title=\"https:\/\/www.elimparcial.com\/son\/hermosillo\/2025\/07\/06\/arranca-el-campamento-el-mejor-bombero-eres-tu-con-180-ninos-en-sus-tres-estaciones-en-hermosillo\/\" href=\"https:\/\/www.elimparcial.com\/son\/hermosillo\/2025\/07\/06\/arranca-el-campamento-el-mejor-bombero-eres-tu-con-180-ninos-en-sus-tres-estaciones-en-hermosillo\/\" target=\"_blank\" rel=\"noopener noreferrer\"><b>Bomberos de Hermosillo<\/b><\/a>,<b>\u00a0Francisco Ram\u00edrez<\/b>, el conductor que choc\u00f3 por alcance fue quien perdi\u00f3 la vida, quedando atrapado en la cabina y su cuerpo fue consumido por las llamas.<\/p>\n<blockquote class=\"ei-articleBodyBlockquote__BlockquoteContainer-sc-1cfj0bi-0 hxDUSD ei-blockquote-ctn\" cite=\"https:\/\/www.elimparcial.com\/son\/sonora\/2025\/07\/16\/muere-conductor-calcinado-tras-choque-de-tractocamiones-en-la-guaymas-hermosillo\/\">\n<p class=\"secondary-font__SecondaryFontStyles-sc-xwub3d-0 jGKTtR\">\u201cUna persona fallecida, el conductor del tractocami\u00f3n que impact\u00f3 a otro al parecer por alcance, uno transportaba tuber\u00eda PVC y el otro electrodom\u00e9sticos\u201d, explic\u00f3.<\/p>\n<\/blockquote>\n<h2 class=\"ei-articleBodyHeading__StyledHeading-sc-11axkf8-0 ksJtGZ ei-heading\">El accidente cost\u00f3 la vida del conductor<\/h2>\n<p class=\"ei-articleBody__StyledText-sc-1wmd47a-1 gXgyFY body-paragraph ei-article-body-text\">El conductor que\u00a0<b>perdi\u00f3 la vida\u00a0<\/b>era quien manejaba el tractocami\u00f3n con tuber\u00eda PVC, mientras que el otro, que transportaba aparatos electrodom\u00e9sticos, result\u00f3 ileso.<\/p>\n<div><\/div>\n<blockquote class=\"ei-articleBodyBlockquote__BlockquoteContainer-sc-1cfj0bi-0 hxDUSD ei-blockquote-ctn\" cite=\"https:\/\/www.elimparcial.com\/son\/sonora\/2025\/07\/16\/muere-conductor-calcinado-tras-choque-de-tractocamiones-en-la-guaymas-hermosillo\/\">\n<p class=\"secondary-font__SecondaryFontStyles-sc-xwub3d-0 jGKTtR\">\u201cPresumimos que es un conductor masculino el calcinado, el otro conductor sali\u00f3 ileso, todo el impacto lo recibi\u00f3 la caja del tractocami\u00f3n que tra\u00eda electrodom\u00e9sticos\u201d, se\u00f1al\u00f3.<\/p>\n<\/blockquote>\n<p class=\"ei-articleBody__StyledText-sc-1wmd47a-1 gXgyFY body-paragraph ei-article-body-text\">Al lugar acudi\u00f3 personal del<b>\u00a0Departamento de Bomberos de Hermosillo<\/b>, quienes sofocaron las llamas provocadas por el accidente.<\/p>\n<p class=\"ei-articleBody__StyledText-sc-1wmd47a-1 gXgyFY body-paragraph ei-article-body-text\">Francisco Ram\u00edrez hizo un llamado a los\u00a0<a title=\"https:\/\/www.elimparcial.com\/mxl\/policiaca\/2025\/06\/24\/caen-14-automovilistas-ebrios-en-operativos-viales-del-fin-de-semana\/\" href=\"https:\/\/www.elimparcial.com\/mxl\/policiaca\/2025\/06\/24\/caen-14-automovilistas-ebrios-en-operativos-viales-del-fin-de-semana\/\" target=\"_blank\" rel=\"noopener noreferrer\"><b>automovilistas\u00a0<\/b><\/a>que transitan por\u00a0<b>la carretera Guaymas-Hermosillo<\/b>\u00a0a hacerlo con precauci\u00f3n, ya que se registra bastante tr\u00e1fico en la circulaci\u00f3n de Sur a Norte.<\/p>\n<p>&nbsp;<\/p>\n<p>Fuente El Imparcial<\/p>\n","protected":false},"excerpt":{"rendered":"<p>Hermosillo.-\u00a0Una persona perdi\u00f3 la vida durante la ma\u00f1ana de este mi\u00e9rcoles en un choque entre dos tractocamiones,\u00a0a la altura del kil\u00f3metro 199\u00a0de la carretera Guaymas-Hermosillo. El\u00a0accidente\u00a0habr\u00eda ocurrido alrededor de las 06:30 horas, cuando los dos veh\u00edculos pesados colisionaron por alcance, lo que provoc\u00f3 el incendio de uno de ellos. De acuerdo con informaci\u00f3n del subjefe [&hellip;]<\/p>\n","protected":false},"author":2,"featured_media":224572,"comment_status":"closed","ping_status":"closed","sticky":false,"template":"","format":"standard","meta":{"footnotes":""},"categories":[12870,178],"tags":[12865,12869],"class_list":["post-224571","post","type-post","status-publish","format-standard","has-post-thumbnail","hentry","category-destacadas","category-local","tag-destacadas","tag-local"],"jetpack_featured_media_url":"https:\/\/rnoticias.com.mx\/Portal\/wp-content\/uploads\/2025\/07\/Accidente-Carretera-Persona-Calcinada-Guaymas-Hermosillo-Sonora.jpeg","amp_enabled":true,"_links":{"self":[{"href":"https:\/\/rnoticias.com.mx\/Portal\/wp-json\/wp\/v2\/posts\/224571","targetHints":{"allow":["GET"]}}],"collection":[{"href":"https:\/\/rnoticias.com.mx\/Portal\/wp-json\/wp\/v2\/posts"}],"about":[{"href":"https:\/\/rnoticias.com.mx\/Portal\/wp-json\/wp\/v2\/types\/post"}],"author":[{"embeddable":true,"href":"https:\/\/rnoticias.com.mx\/Portal\/wp-json\/wp\/v2\/users\/2"}],"replies":[{"embeddable":true,"href":"https:\/\/rnoticias.com.mx\/Portal\/wp-json\/wp\/v2\/comments?post=224571"}],"version-history":[{"count":1,"href":"https:\/\/rnoticias.com.mx\/Portal\/wp-json\/wp\/v2\/posts\/224571\/revisions"}],"predecessor-version":[{"id":224573,"href":"https:\/\/rnoticias.com.mx\/Portal\/wp-json\/wp\/v2\/posts\/224571\/revisions\/224573"}],"wp:featuredmedia":[{"embeddable":true,"href":"https:\/\/rnoticias.com.mx\/Portal\/wp-json\/wp\/v2\/media\/224572"}],"wp:attachment":[{"href":"https:\/\/rnoticias.com.mx\/Portal\/wp-json\/wp\/v2\/media?parent=224571"}],"wp:term":[{"taxonomy":"category","embeddable":true,"href":"https:\/\/rnoticias.com.mx\/Portal\/wp-json\/wp\/v2\/categories?post=224571"},{"taxonomy":"post_tag","embeddable":true,"href":"https:\/\/rnoticias.com.mx\/Portal\/wp-json\/wp\/v2\/tags?post=224571"}],"curies":[{"name":"wp","href":"https:\/\/api.w.org\/{rel}","templated":true}]}}