{"id":224568,"date":"2025-07-16T17:19:35","date_gmt":"2025-07-17T00:19:35","guid":{"rendered":"https:\/\/rnoticias.com.mx\/Portal\/?p=224568"},"modified":"2025-07-16T17:19:35","modified_gmt":"2025-07-17T00:19:35","slug":"reconoce-gobierno-de-sonora-a-ganadores-de-la-olimpiada-del-conocimiento-infantil-2025-sec","status":"publish","type":"post","link":"https:\/\/rnoticias.com.mx\/Portal\/2025\/07\/16\/reconoce-gobierno-de-sonora-a-ganadores-de-la-olimpiada-del-conocimiento-infantil-2025-sec\/","title":{"rendered":"Reconoce Gobierno de Sonora a ganadores de la Olimpiada del Conocimiento Infantil 2025: SEC"},"content":{"rendered":"<p>Hermosillo, Sonora; 16 de julio de 2025.- Con equipo de c\u00f3mputo, reconocimiento y una beca econ\u00f3mica durante los tres a\u00f1os de secundaria, el Gobierno de Sonora, a trav\u00e9s de la Secretar\u00eda de Educaci\u00f3n y Cultura (SEC), reconoci\u00f3 a las y los 19 alumnos ganadores de la etapa estatal de la Olimpiada del Conocimiento Infantil (OCI) 2025.<\/p>\n<p>Las ni\u00f1as y los ni\u00f1os de sexto grado que este a\u00f1o fueron seleccionados destacaron entre un total de mil 22 estudiantes que participaron en la etapa regional y obtuvieron el mayor puntaje en dicho concurso, convocado a nivel nacional por la Secretar\u00eda de Educaci\u00f3n P\u00fablica (SEP).<\/p>\n<p>El titular de la SEC, Froyl\u00e1n G\u00e1mez Gamboa, detall\u00f3 que las y los participantes fueron evaluados en sus conocimientos y habilidades en los campos formativos de Lenguajes; De lo Humano y lo Comunitario; Saberes y Pensamiento Cient\u00edfico; \u00c9tica, Naturaleza y Sociedades, correspondientes a la Fase 5, en el sexto grado de primaria.<\/p>\n<p>Subray\u00f3 la colaboraci\u00f3n de Fundaci\u00f3n BBVA Bancomer que, en alianza con la SEP, otorga el est\u00edmulo econ\u00f3mico al alumnado ganador para que contin\u00fae sus estudios en el siguiente nivel de educaci\u00f3n b\u00e1sica. Asimismo, refrend\u00f3 el compromiso del gobernador Alfonso Durazo de continuar fortaleciendo el sistema educativo sonorense.<\/p>\n<p>Tambi\u00e9n reconoci\u00f3 el trabajo de familiares, tutores y docentes por el acompa\u00f1amiento brindado, y reiter\u00f3 que los 19 estudiantes son un orgullo para Sonora, ya que representan la excelencia acad\u00e9mica y demuestran el futuro brillante de la entidad.<\/p>\n<p>Demian El\u00edas Gonz\u00e1lez Espinoza, alumno de la primaria \u201cErnesto L\u00f3pez Riesgo\u201d, de Hermosillo, fue quien obtuvo el puntaje m\u00e1s alto en los resultados de la edici\u00f3n 2025 de la OCI, y agradeci\u00f3 a quienes lo apoyaron durante todo el proceso que implic\u00f3 superar cada etapa de esta convocatoria.<\/p>\n","protected":false},"excerpt":{"rendered":"<p>Hermosillo, Sonora; 16 de julio de 2025.- Con equipo de c\u00f3mputo, reconocimiento y una beca econ\u00f3mica durante los tres a\u00f1os de secundaria, el Gobierno de Sonora, a trav\u00e9s de la Secretar\u00eda de Educaci\u00f3n y Cultura (SEC), reconoci\u00f3 a las y los 19 alumnos ganadores de la etapa estatal de la Olimpiada del Conocimiento Infantil (OCI) [&hellip;]<\/p>\n","protected":false},"author":2,"featured_media":224569,"comment_status":"closed","ping_status":"closed","sticky":false,"template":"","format":"standard","meta":{"footnotes":""},"categories":[178],"tags":[12869],"class_list":["post-224568","post","type-post","status-publish","format-standard","has-post-thumbnail","hentry","category-local","tag-local"],"jetpack_featured_media_url":"https:\/\/rnoticias.com.mx\/Portal\/wp-content\/uploads\/2025\/07\/unnamed-2-12.jpg","amp_enabled":true,"_links":{"self":[{"href":"https:\/\/rnoticias.com.mx\/Portal\/wp-json\/wp\/v2\/posts\/224568","targetHints":{"allow":["GET"]}}],"collection":[{"href":"https:\/\/rnoticias.com.mx\/Portal\/wp-json\/wp\/v2\/posts"}],"about":[{"href":"https:\/\/rnoticias.com.mx\/Portal\/wp-json\/wp\/v2\/types\/post"}],"author":[{"embeddable":true,"href":"https:\/\/rnoticias.com.mx\/Portal\/wp-json\/wp\/v2\/users\/2"}],"replies":[{"embeddable":true,"href":"https:\/\/rnoticias.com.mx\/Portal\/wp-json\/wp\/v2\/comments?post=224568"}],"version-history":[{"count":1,"href":"https:\/\/rnoticias.com.mx\/Portal\/wp-json\/wp\/v2\/posts\/224568\/revisions"}],"predecessor-version":[{"id":224570,"href":"https:\/\/rnoticias.com.mx\/Portal\/wp-json\/wp\/v2\/posts\/224568\/revisions\/224570"}],"wp:featuredmedia":[{"embeddable":true,"href":"https:\/\/rnoticias.com.mx\/Portal\/wp-json\/wp\/v2\/media\/224569"}],"wp:attachment":[{"href":"https:\/\/rnoticias.com.mx\/Portal\/wp-json\/wp\/v2\/media?parent=224568"}],"wp:term":[{"taxonomy":"category","embeddable":true,"href":"https:\/\/rnoticias.com.mx\/Portal\/wp-json\/wp\/v2\/categories?post=224568"},{"taxonomy":"post_tag","embeddable":true,"href":"https:\/\/rnoticias.com.mx\/Portal\/wp-json\/wp\/v2\/tags?post=224568"}],"curies":[{"name":"wp","href":"https:\/\/api.w.org\/{rel}","templated":true}]}}