{"id":224501,"date":"2025-07-16T07:57:58","date_gmt":"2025-07-16T14:57:58","guid":{"rendered":"https:\/\/rnoticias.com.mx\/Portal\/?p=224501"},"modified":"2025-07-16T07:57:58","modified_gmt":"2025-07-16T14:57:58","slug":"gobierno-de-sonora-consolida-vinculos-entre-el-sector-productivo-y-universidades-utslrc","status":"publish","type":"post","link":"https:\/\/rnoticias.com.mx\/Portal\/2025\/07\/16\/gobierno-de-sonora-consolida-vinculos-entre-el-sector-productivo-y-universidades-utslrc\/","title":{"rendered":"Gobierno de Sonora consolida v\u00ednculos entre el sector productivo y universidades: Utslrc"},"content":{"rendered":"<p align=\"left\">San Luis R\u00edo Colorado, Sonora; 15 de julio de 2025.- Para fortalecer la transferencia de conocimientos, tecnolog\u00eda y talento entre el sector productivo y la Universidad Tecnol\u00f3gica de San Luis R\u00edo Colorado (Utslrc), durante el \u00faltimo trimestre se concretaron diversos convenios de colaboraci\u00f3n en beneficio de las y los estudiantes universitarios.<\/p>\n<p align=\"left\">\n<p align=\"left\">Con el respaldo del Gobierno de Sonora, la instituci\u00f3n ha consolidado acercamientos con empresas nacionales y transnacionales que operan en la regi\u00f3n, formalizando la firma de convenios o el establecimiento de alternativas de formaci\u00f3n acad\u00e9mica para trabajadores, como el modelo de grupos despresurizados.<\/p>\n<p align=\"left\">\n<p align=\"left\">El rector de la Utslrc, Jos\u00e9 Arturo Delgado Reza, resalt\u00f3 la colaboraci\u00f3n con empresas representativas de la regi\u00f3n y de Sonora, como Hotel Araiza, con el objetivo de que el alumnado contin\u00fae su proceso de estad\u00edas en dicha empresa.<\/p>\n<p align=\"left\">\n<p align=\"left\">Adem\u00e1s, a\u00f1adi\u00f3 que tambi\u00e9n se impulsan proyectos con importantes empresas transnacionales instaladas en el municipio, como Sana Premium Foods y La-Z-Boy, para incentivar a las y los trabajadores a cursar alguno de los programas educativos ofertados por la universidad.<\/p>\n<p align=\"left\">\n<p align=\"left\">Asimismo, se formaliz\u00f3 un convenio con la Universidad Tecnol\u00f3gica de Etchojoa (UTE), con el prop\u00f3sito de impulsar programas educativos mediante la colaboraci\u00f3n y el desarrollo de proyectos conjuntos que fortalezcan la innovaci\u00f3n, la competitividad y una mayor pertinencia de la formaci\u00f3n acad\u00e9mica.<\/p>\n<p align=\"left\">\n<p align=\"left\">Para aquellos colaboradores interesados en continuar su formaci\u00f3n profesional, estas alianzas estrat\u00e9gicas fortalecen la relaci\u00f3n entre la universidad y la industria, impulsan la competitividad, la profesionalizaci\u00f3n del talento humano y consolidan a la Utslrc como un aliado fundamental para el crecimiento de la regi\u00f3n y del estado de Sonora.<\/p>\n","protected":false},"excerpt":{"rendered":"<p>San Luis R\u00edo Colorado, Sonora; 15 de julio de 2025.- Para fortalecer la transferencia de conocimientos, tecnolog\u00eda y talento entre el sector productivo y la Universidad Tecnol\u00f3gica de San Luis R\u00edo Colorado (Utslrc), durante el \u00faltimo trimestre se concretaron diversos convenios de colaboraci\u00f3n en beneficio de las y los estudiantes universitarios. Con el respaldo del [&hellip;]<\/p>\n","protected":false},"author":2,"featured_media":224502,"comment_status":"closed","ping_status":"closed","sticky":false,"template":"","format":"standard","meta":{"footnotes":""},"categories":[174],"tags":[12873],"class_list":["post-224501","post","type-post","status-publish","format-standard","has-post-thumbnail","hentry","category-estatal","tag-estatal"],"jetpack_featured_media_url":"https:\/\/rnoticias.com.mx\/Portal\/wp-content\/uploads\/2025\/07\/unnamed-55.jpg","amp_enabled":true,"_links":{"self":[{"href":"https:\/\/rnoticias.com.mx\/Portal\/wp-json\/wp\/v2\/posts\/224501","targetHints":{"allow":["GET"]}}],"collection":[{"href":"https:\/\/rnoticias.com.mx\/Portal\/wp-json\/wp\/v2\/posts"}],"about":[{"href":"https:\/\/rnoticias.com.mx\/Portal\/wp-json\/wp\/v2\/types\/post"}],"author":[{"embeddable":true,"href":"https:\/\/rnoticias.com.mx\/Portal\/wp-json\/wp\/v2\/users\/2"}],"replies":[{"embeddable":true,"href":"https:\/\/rnoticias.com.mx\/Portal\/wp-json\/wp\/v2\/comments?post=224501"}],"version-history":[{"count":1,"href":"https:\/\/rnoticias.com.mx\/Portal\/wp-json\/wp\/v2\/posts\/224501\/revisions"}],"predecessor-version":[{"id":224503,"href":"https:\/\/rnoticias.com.mx\/Portal\/wp-json\/wp\/v2\/posts\/224501\/revisions\/224503"}],"wp:featuredmedia":[{"embeddable":true,"href":"https:\/\/rnoticias.com.mx\/Portal\/wp-json\/wp\/v2\/media\/224502"}],"wp:attachment":[{"href":"https:\/\/rnoticias.com.mx\/Portal\/wp-json\/wp\/v2\/media?parent=224501"}],"wp:term":[{"taxonomy":"category","embeddable":true,"href":"https:\/\/rnoticias.com.mx\/Portal\/wp-json\/wp\/v2\/categories?post=224501"},{"taxonomy":"post_tag","embeddable":true,"href":"https:\/\/rnoticias.com.mx\/Portal\/wp-json\/wp\/v2\/tags?post=224501"}],"curies":[{"name":"wp","href":"https:\/\/api.w.org\/{rel}","templated":true}]}}