{"id":224498,"date":"2025-07-16T07:32:04","date_gmt":"2025-07-16T14:32:04","guid":{"rendered":"https:\/\/rnoticias.com.mx\/Portal\/?p=224498"},"modified":"2025-07-16T07:32:04","modified_gmt":"2025-07-16T14:32:04","slug":"colaboracion-entre-ine-y-los-opl-componente-esencial-de-la-democracia-consejero-jorge-montano","status":"publish","type":"post","link":"https:\/\/rnoticias.com.mx\/Portal\/2025\/07\/16\/colaboracion-entre-ine-y-los-opl-componente-esencial-de-la-democracia-consejero-jorge-montano\/","title":{"rendered":"Colaboraci\u00f3n entre INE y los OPL componente esencial de la democracia: Consejero Jorge Monta\u00f1o"},"content":{"rendered":"<p class=\"x_MsoNormal\"><span data-olk-copy-source=\"MessageBody\">El Consejo General del Instituto Nacional Electoral (INE) dio por recibido el<i>\u00a0Informe de seguimiento al Plan Integral y Calendarios de Coordinaci\u00f3n. Procesos Electorales Extraordinarios para la elecci\u00f3n de diversos cargos de los Poderes Judiciales Locales de las entidades federativas 2024-2025<\/i>.<\/span><\/p>\n<p class=\"x_MsoNormal\">\n<p class=\"x_MsoNormal\">En sesi\u00f3n extraordinaria y al presentar el informe, el Consejero y presidente de la Comisi\u00f3n Temporal del Proceso Electoral Extraordinario para la elecci\u00f3n de diversos cargos del Poder Judicial de la Federaci\u00f3n 2024-2025, Jorge Monta\u00f1o Ventura sostuvo que \u201cla colaboraci\u00f3n institucional entre autoridades es un componente esencial de la democracia\u201d.<\/p>\n<p class=\"x_MsoNormal\">\n<p class=\"x_MsoNormal\">En este informe, dijo, se dan a conocer todas las actividades que se llevaron a cabo por los Organismos P\u00fablicos Locales (OPL) respecto de los mecanismos de coordinaci\u00f3n que se realizaron para la promoci\u00f3n de la participaci\u00f3n ciudadana y para las distintas etapas de los procesos electorales de cada una de las entidades federativas.<\/p>\n<p class=\"x_MsoNormal\">\n<p class=\"x_MsoNormal\">Por ello, hizo un reconocimiento a los institutos electorales locales de las 19 entidades federativas con elecci\u00f3n, ya que siempre mostraron disposici\u00f3n al di\u00e1logo y a la colaboraci\u00f3n institucional, lo que fue clave en el logro de los objetivos planteados.<\/p>\n<p class=\"x_MsoNormal\">\n<p class=\"x_MsoNormal\">El informe elaborado por la Unidad T\u00e9cnica de Vinculaci\u00f3n con los Organismos P\u00fablicos Locales del INE reporta las actividades consideradas en los calendarios de coordinaci\u00f3n para la elecci\u00f3n de mil 800 cargos locales para la renovaci\u00f3n total o parcial de magistraturas, juezas y jueces en los poderes judiciales de 19 entidades federativas.<\/p>\n<p class=\"x_MsoNormal\">\n<p class=\"x_MsoNormal\">El Plan y Calendario aprobado para estos procesos electorales se conform\u00f3 con mil 586 actividades programadas, las cuales se han concluido en su totalidad.<\/p>\n<p class=\"x_MsoNormal\">\n<p class=\"x_MsoNormal\">Durante la sesi\u00f3n, el pleno dio por recibidos los siguientes informes:\u00a0 Sobre el ejercicio de Atribuciones Especiales del Consejo General; sobre la conformaci\u00f3n de la Lista Nominal de Electores producto de Instancias Administrativas y Resoluciones del Tribunal Electoral del Poder Judicial de la Federaci\u00f3n (Lista Adicional), Proceso Electoral Extraordinario para la elecci\u00f3n de diversos cargos del Poder Judicial de la Federaci\u00f3n 2024-2025 y Procesos Electorales de los Poderes Judiciales Locales 2024-2025 y el Informe sobre la conformaci\u00f3n de la Lista Adicional de la Lista Nominal de Electores con Voto Anticipado para la elecci\u00f3n extraordinaria de diversos cargos del Poder Judicial de la Federaci\u00f3n 2024-2025.<\/p>\n","protected":false},"excerpt":{"rendered":"<p>El Consejo General del Instituto Nacional Electoral (INE) dio por recibido el\u00a0Informe de seguimiento al Plan Integral y Calendarios de Coordinaci\u00f3n. Procesos Electorales Extraordinarios para la elecci\u00f3n de diversos cargos de los Poderes Judiciales Locales de las entidades federativas 2024-2025. En sesi\u00f3n extraordinaria y al presentar el informe, el Consejero y presidente de la Comisi\u00f3n [&hellip;]<\/p>\n","protected":false},"author":2,"featured_media":224499,"comment_status":"closed","ping_status":"closed","sticky":false,"template":"","format":"standard","meta":{"footnotes":""},"categories":[12868],"tags":[12879],"class_list":["post-224498","post","type-post","status-publish","format-standard","has-post-thumbnail","hentry","category-politica","tag-politica"],"jetpack_featured_media_url":"https:\/\/rnoticias.com.mx\/Portal\/wp-content\/uploads\/2025\/07\/Consejo-General_15-de-julio-de-2025.jpeg","amp_enabled":true,"_links":{"self":[{"href":"https:\/\/rnoticias.com.mx\/Portal\/wp-json\/wp\/v2\/posts\/224498","targetHints":{"allow":["GET"]}}],"collection":[{"href":"https:\/\/rnoticias.com.mx\/Portal\/wp-json\/wp\/v2\/posts"}],"about":[{"href":"https:\/\/rnoticias.com.mx\/Portal\/wp-json\/wp\/v2\/types\/post"}],"author":[{"embeddable":true,"href":"https:\/\/rnoticias.com.mx\/Portal\/wp-json\/wp\/v2\/users\/2"}],"replies":[{"embeddable":true,"href":"https:\/\/rnoticias.com.mx\/Portal\/wp-json\/wp\/v2\/comments?post=224498"}],"version-history":[{"count":1,"href":"https:\/\/rnoticias.com.mx\/Portal\/wp-json\/wp\/v2\/posts\/224498\/revisions"}],"predecessor-version":[{"id":224500,"href":"https:\/\/rnoticias.com.mx\/Portal\/wp-json\/wp\/v2\/posts\/224498\/revisions\/224500"}],"wp:featuredmedia":[{"embeddable":true,"href":"https:\/\/rnoticias.com.mx\/Portal\/wp-json\/wp\/v2\/media\/224499"}],"wp:attachment":[{"href":"https:\/\/rnoticias.com.mx\/Portal\/wp-json\/wp\/v2\/media?parent=224498"}],"wp:term":[{"taxonomy":"category","embeddable":true,"href":"https:\/\/rnoticias.com.mx\/Portal\/wp-json\/wp\/v2\/categories?post=224498"},{"taxonomy":"post_tag","embeddable":true,"href":"https:\/\/rnoticias.com.mx\/Portal\/wp-json\/wp\/v2\/tags?post=224498"}],"curies":[{"name":"wp","href":"https:\/\/api.w.org\/{rel}","templated":true}]}}