{"id":224495,"date":"2025-07-16T07:30:55","date_gmt":"2025-07-16T14:30:55","guid":{"rendered":"https:\/\/rnoticias.com.mx\/Portal\/?p=224495"},"modified":"2025-07-16T07:30:55","modified_gmt":"2025-07-16T14:30:55","slug":"aprueba-ine-estrategia-de-transformacion-digital-del-registro-federal-de-electores","status":"publish","type":"post","link":"https:\/\/rnoticias.com.mx\/Portal\/2025\/07\/16\/aprueba-ine-estrategia-de-transformacion-digital-del-registro-federal-de-electores\/","title":{"rendered":"Aprueba INE Estrategia de transformaci\u00f3n digital del Registro Federal de Electores"},"content":{"rendered":"<p class=\"x_MsoNormal\"><span data-olk-copy-source=\"MessageBody\">El Consejo General del Instituto Nacional Electoral (INE) aprob\u00f3 la Estrategia de transformaci\u00f3n digital del Registro Federal de Electores, que busca proveer a la ciudadan\u00eda de productos y servicios digitales de alto valor que fortalezcan el ejercicio pleno de sus derechos pol\u00edtico-electorales, a trav\u00e9s de una experiencia institucional confiable, accesible e innovadora.<\/span><\/p>\n<p class=\"x_MsoNormal\">\n<p class=\"x_MsoNormal\">En sesi\u00f3n extraordinaria, el Consejero y presidente de la Comisi\u00f3n del Registro Federal de Electores, Arturo Castillo Loza, asegur\u00f3 que el prop\u00f3sito de esta Estrategia es establecer la hoja de ruta para mejorar, de manera significativa, los productos y servicios registrales mediante el uso de tecnolog\u00edas digitales en las operaciones diarias, la automatizaci\u00f3n de procesos, as\u00ed como la mejora del acceso a la informaci\u00f3n.<\/p>\n<p class=\"x_MsoNormal\">\n<p class=\"x_MsoNormal\">Asimismo, la optimizaci\u00f3n de la interacci\u00f3n entre el INE, la ciudadan\u00eda y otras instituciones, adem\u00e1s de la revisi\u00f3n y actualizaci\u00f3n peri\u00f3dica de indicadores, herramientas y diagn\u00f3sticos en la materia registral.<\/p>\n<p class=\"x_MsoNormal\">\n<p class=\"x_MsoNormal\">Entre los proyectos que contempla la Estrategia, detall\u00f3, se encuentra la instrumentaci\u00f3n de una versi\u00f3n beta de una Credencial para Votar (CPV) digital, cuya primera versi\u00f3n ser\u00eda complemento de la CPV f\u00edsica, con m\u00e1s funcionalidades, mayor flexibilidad para su emisi\u00f3n y actualizaci\u00f3n, as\u00ed como para permitir mayor control y soberan\u00eda sobre los datos personales que contiene.<\/p>\n<p class=\"x_MsoNormal\">\n<p class=\"x_MsoNormal\">Adem\u00e1s, incluye el uso de Inteligencia Artificial para la detecci\u00f3n de patrones de inconsistencias relacionadas con el Padr\u00f3n Electoral o las Listas Nominales de Electores, para evitar problem\u00e1ticas como las registradas en el Proceso Electoral Federal 2023-2024, en el Voto de las y los Mexicanos Residentes en el Extranjero.<\/p>\n<p class=\"x_MsoNormal\">\n<p class=\"x_MsoNormal\">El Consejero Castillo subray\u00f3 que la Estrategia plantea la posibilidad de avanzar hacia la eventual implementaci\u00f3n del voto electr\u00f3nico. No obstante, aclar\u00f3 que todas las iniciativas incluidas en el documento deber\u00e1n ser analizadas y ponderadas, en su momento, por las instituciones correspondientes.<\/p>\n<p class=\"x_MsoNormal\">\n<p class=\"x_MsoNormal\">Es decir, que \u201caprobar esta Estrategia no implica por s\u00ed mismo la aprobaci\u00f3n sin m\u00e1s de los proyectos que en \u00e9sta se contemplan; su instrumentaci\u00f3n depender\u00e1 de la disponibilidad presupuestal, las capacidades t\u00e9cnicas y la viabilidad jur\u00eddica y tecnol\u00f3gica de cada uno de \u00e9stos\u201d.<\/p>\n<p class=\"x_MsoNormal\">\n<p class=\"x_MsoNormal\">Arturo Castillo precis\u00f3 que el documento avalado por el pleno es evolutivo y adaptativo, sensible a los avances tecnol\u00f3gicos que se presenten en los pr\u00f3ximos a\u00f1os, a los eventuales cambios normativos y a la retroalimentaci\u00f3n y aportaciones de las distintas \u00e1reas del INE.<\/p>\n<p class=\"x_MsoNormal\">\n<p class=\"x_MsoNormal\">El Consejero destac\u00f3 que la presentaci\u00f3n de esta estrategia concluye la primera etapa de un proyecto de largo alcance que comenz\u00f3 hace m\u00e1s de un a\u00f1o, en el seno de la Comisi\u00f3n del Registro Federal de Electores, entonces presidida por la Consejera Carla Humphrey Jordan, a quien agradeci\u00f3 su apoyo, as\u00ed como el de las consejer\u00edas integrantes, sus asesor\u00edas, los grupos de trabajo involucrados y las representaciones de los partidos pol\u00edticos ante la Comisi\u00f3n Nacional de Vigilancia.<\/p>\n<p class=\"x_MsoNormal\">\n<p class=\"x_MsoNormal\">Finalmente, reconoci\u00f3 de manera especial el trabajo de la Direcci\u00f3n Ejecutiva del Registro Federal de Electores por la elaboraci\u00f3n de esta Estrategia. \u201cCon la aprobaci\u00f3n de este documento estaremos dando un primer paso s\u00f3lido hacia la transformaci\u00f3n digital de este Instituto, en beneficio de los derechos de las mexicanas y los mexicanos\u201d.<\/p>\n<p class=\"x_MsoNormal\">\n<p class=\"x_MsoNormal\"><b><i>98.6 % de las actividades de los calendarios electorales de Durango y Veracruz han concluido<\/i><\/b><\/p>\n<p class=\"x_MsoNormal\"><b><i>\u00a0<\/i><\/b><\/p>\n<p class=\"x_MsoNormal\">En otros puntos de la sesi\u00f3n, el pleno dio por recibido el Informe de seguimiento al Plan Integral y Calendarios de Coordinaci\u00f3n de los Procesos Electorales Locales Ordinarios de Durango y Veracruz 2024-2025, as\u00ed como el Informe de seguimiento sobre la situaci\u00f3n presupuestal de los Organismos P\u00fablicos Locales (OPL) 2025, el cual, en relaci\u00f3n con los recursos necesarios para las actividades ordinarias de los OPL, sit\u00faa a los Organismos de las entidades de Zacatecas y Yucat\u00e1n en atenci\u00f3n alta y, a San Luis Potos\u00ed, Guerrero, Ciudad de M\u00e9xico y Veracruz, en media, en virtud de los recursos que se requieren para su funcionamiento durante el segundo semestre del a\u00f1o.<\/p>\n<p class=\"x_MsoNormal\">\n<p class=\"x_MsoNormal\">Las consejer\u00edas tambi\u00e9n resolvieron desechar el procedimiento de remoci\u00f3n de Consejeras y Consejeros Electorales, con motivo de la queja interpuesta en contra de las y los Consejeros del Organismo P\u00fablico Local de Veracruz.<\/p>\n<p class=\"x_MsoNormal\">\n<p class=\"x_MsoNormal\">Del mismo modo, declararon la procedencia constitucional y legal de las modificaciones a los Estatutos de la Agrupaci\u00f3n Pol\u00edtica Nacional denominada Alianza Patri\u00f3tica Nacional, realizadas en el ejercicio de su libertad de autoorganizaci\u00f3n.<\/p>\n","protected":false},"excerpt":{"rendered":"<p>El Consejo General del Instituto Nacional Electoral (INE) aprob\u00f3 la Estrategia de transformaci\u00f3n digital del Registro Federal de Electores, que busca proveer a la ciudadan\u00eda de productos y servicios digitales de alto valor que fortalezcan el ejercicio pleno de sus derechos pol\u00edtico-electorales, a trav\u00e9s de una experiencia institucional confiable, accesible e innovadora. En sesi\u00f3n extraordinaria, [&hellip;]<\/p>\n","protected":false},"author":2,"featured_media":224496,"comment_status":"closed","ping_status":"closed","sticky":false,"template":"","format":"standard","meta":{"footnotes":""},"categories":[12870,12868],"tags":[12865,12879],"class_list":["post-224495","post","type-post","status-publish","format-standard","has-post-thumbnail","hentry","category-destacadas","category-politica","tag-destacadas","tag-politica"],"jetpack_featured_media_url":"https:\/\/rnoticias.com.mx\/Portal\/wp-content\/uploads\/2025\/07\/INE-2.jpg","amp_enabled":true,"_links":{"self":[{"href":"https:\/\/rnoticias.com.mx\/Portal\/wp-json\/wp\/v2\/posts\/224495","targetHints":{"allow":["GET"]}}],"collection":[{"href":"https:\/\/rnoticias.com.mx\/Portal\/wp-json\/wp\/v2\/posts"}],"about":[{"href":"https:\/\/rnoticias.com.mx\/Portal\/wp-json\/wp\/v2\/types\/post"}],"author":[{"embeddable":true,"href":"https:\/\/rnoticias.com.mx\/Portal\/wp-json\/wp\/v2\/users\/2"}],"replies":[{"embeddable":true,"href":"https:\/\/rnoticias.com.mx\/Portal\/wp-json\/wp\/v2\/comments?post=224495"}],"version-history":[{"count":1,"href":"https:\/\/rnoticias.com.mx\/Portal\/wp-json\/wp\/v2\/posts\/224495\/revisions"}],"predecessor-version":[{"id":224497,"href":"https:\/\/rnoticias.com.mx\/Portal\/wp-json\/wp\/v2\/posts\/224495\/revisions\/224497"}],"wp:featuredmedia":[{"embeddable":true,"href":"https:\/\/rnoticias.com.mx\/Portal\/wp-json\/wp\/v2\/media\/224496"}],"wp:attachment":[{"href":"https:\/\/rnoticias.com.mx\/Portal\/wp-json\/wp\/v2\/media?parent=224495"}],"wp:term":[{"taxonomy":"category","embeddable":true,"href":"https:\/\/rnoticias.com.mx\/Portal\/wp-json\/wp\/v2\/categories?post=224495"},{"taxonomy":"post_tag","embeddable":true,"href":"https:\/\/rnoticias.com.mx\/Portal\/wp-json\/wp\/v2\/tags?post=224495"}],"curies":[{"name":"wp","href":"https:\/\/api.w.org\/{rel}","templated":true}]}}