{"id":224429,"date":"2025-07-15T19:28:09","date_gmt":"2025-07-16T02:28:09","guid":{"rendered":"https:\/\/rnoticias.com.mx\/Portal\/?p=224429"},"modified":"2025-07-15T19:28:09","modified_gmt":"2025-07-16T02:28:09","slug":"continuan-labores-cientificas-para-identificacion-de-hallazgos-en-el-valle-del-yaqui","status":"publish","type":"post","link":"https:\/\/rnoticias.com.mx\/Portal\/2025\/07\/15\/continuan-labores-cientificas-para-identificacion-de-hallazgos-en-el-valle-del-yaqui\/","title":{"rendered":"Contin\u00faan labores cient\u00edficas para identificaci\u00f3n de hallazgos en el Valle del Yaqui"},"content":{"rendered":"<p>Cajeme, Sonora, 15 de julio de 2025.- En seguimiento a los hallazgos forenses realizados en la zona rural del Valle del Yaqui, la Fiscal\u00eda General de Justicia del Estado de Sonora (FGJES) informa que, a trav\u00e9s del Laboratorio de Gen\u00e9tica Forense, ha logrado 14 identificaciones de restos humanos.<\/p>\n<p>A\u00fan se encuentran pendientes siete casos por emitir dictamen de coincidencia gen\u00e9tica, debido a que en dichos perfiles cuentan \u00fanicamente con una muestra de familiar directo, lo cual limita la conclusi\u00f3n conforme a los est\u00e1ndares t\u00e9cnicos y protocolos establecidos para laboratorios especializados en Gen\u00e9tica Forense. Por su parte, la especialidad de Antropolog\u00eda contin\u00faa desarrollando trabajos de gabinete para complementar el an\u00e1lisis t\u00e9cnico-cient\u00edfico de los restos.<\/p>\n<p>Los cinco casos restantes est\u00e1n en proceso de obtenci\u00f3n de ADN, para poder ingresar las muestras a la base de datos y obtener una probable coincidencia.<\/p>\n<p>Hasta el momento, no se ha realizado ninguna entrega de restos \u00f3seos, misma que dar\u00e1 inicio a partir del mi\u00e9rcoles 16 de julio, conforme vayan concluyendo los dict\u00e1menes correspondientes y los familiares se presenten.<\/p>\n<p>La Fiscal\u00eda General de Justicia del Estado de Sonora mantiene firme su compromiso con la verdad cient\u00edfica, la legalidad y el derecho de las familias a recuperar a sus seres queridos.<\/p>\n","protected":false},"excerpt":{"rendered":"<p>Cajeme, Sonora, 15 de julio de 2025.- En seguimiento a los hallazgos forenses realizados en la zona rural del Valle del Yaqui, la Fiscal\u00eda General de Justicia del Estado de Sonora (FGJES) informa que, a trav\u00e9s del Laboratorio de Gen\u00e9tica Forense, ha logrado 14 identificaciones de restos humanos. A\u00fan se encuentran pendientes siete casos por [&hellip;]<\/p>\n","protected":false},"author":2,"featured_media":224430,"comment_status":"closed","ping_status":"closed","sticky":false,"template":"","format":"standard","meta":{"footnotes":""},"categories":[12870,174],"tags":[12865,12873],"class_list":["post-224429","post","type-post","status-publish","format-standard","has-post-thumbnail","hentry","category-destacadas","category-estatal","tag-destacadas","tag-estatal"],"jetpack_featured_media_url":"https:\/\/rnoticias.com.mx\/Portal\/wp-content\/uploads\/2025\/07\/991fe30c-6652-44f4-a8ba-22edd30a3831.jpg","amp_enabled":true,"_links":{"self":[{"href":"https:\/\/rnoticias.com.mx\/Portal\/wp-json\/wp\/v2\/posts\/224429","targetHints":{"allow":["GET"]}}],"collection":[{"href":"https:\/\/rnoticias.com.mx\/Portal\/wp-json\/wp\/v2\/posts"}],"about":[{"href":"https:\/\/rnoticias.com.mx\/Portal\/wp-json\/wp\/v2\/types\/post"}],"author":[{"embeddable":true,"href":"https:\/\/rnoticias.com.mx\/Portal\/wp-json\/wp\/v2\/users\/2"}],"replies":[{"embeddable":true,"href":"https:\/\/rnoticias.com.mx\/Portal\/wp-json\/wp\/v2\/comments?post=224429"}],"version-history":[{"count":1,"href":"https:\/\/rnoticias.com.mx\/Portal\/wp-json\/wp\/v2\/posts\/224429\/revisions"}],"predecessor-version":[{"id":224431,"href":"https:\/\/rnoticias.com.mx\/Portal\/wp-json\/wp\/v2\/posts\/224429\/revisions\/224431"}],"wp:featuredmedia":[{"embeddable":true,"href":"https:\/\/rnoticias.com.mx\/Portal\/wp-json\/wp\/v2\/media\/224430"}],"wp:attachment":[{"href":"https:\/\/rnoticias.com.mx\/Portal\/wp-json\/wp\/v2\/media?parent=224429"}],"wp:term":[{"taxonomy":"category","embeddable":true,"href":"https:\/\/rnoticias.com.mx\/Portal\/wp-json\/wp\/v2\/categories?post=224429"},{"taxonomy":"post_tag","embeddable":true,"href":"https:\/\/rnoticias.com.mx\/Portal\/wp-json\/wp\/v2\/tags?post=224429"}],"curies":[{"name":"wp","href":"https:\/\/api.w.org\/{rel}","templated":true}]}}