{"id":224426,"date":"2025-07-15T19:26:08","date_gmt":"2025-07-16T02:26:08","guid":{"rendered":"https:\/\/rnoticias.com.mx\/Portal\/?p=224426"},"modified":"2025-07-15T19:26:08","modified_gmt":"2025-07-16T02:26:08","slug":"mantiene-la-direccion-de-parques-y-jardines-sus-tareas-operativas-y-atencion-a-la-ciudadania-en-vacaciones","status":"publish","type":"post","link":"https:\/\/rnoticias.com.mx\/Portal\/2025\/07\/15\/mantiene-la-direccion-de-parques-y-jardines-sus-tareas-operativas-y-atencion-a-la-ciudadania-en-vacaciones\/","title":{"rendered":"Mantiene la Direcci\u00f3n de Parques y Jardines sus tareas operativas y atenci\u00f3n a la ciudadan\u00eda en vacaciones"},"content":{"rendered":"<p>Hermosillo, Sonora; 15 de julio, 2025.- Para responder a cualquier necesidad de la ciudad, la Direcci\u00f3n de Parques y Jardines del Ayuntamiento de Hermosillo proporcionar\u00e1 sus servicios operativos y administrativos con personal de guardia durante el periodo vacacional de verano, inform\u00f3 Amparo Fontanot, directora de la dependencia.<\/p>\n<p>Explic\u00f3 que la ciudad est\u00e1 dividida en los sectores oriente, poniente, centro y sur, y en cada uno estar\u00e1 laborando una cuadrilla compuesta, en promedio, por diez personas.<\/p>\n<p>Tambi\u00e9n estar\u00e1n de guardia otros cuatro equipos de trabajo para las funciones de poda, plomer\u00eda, reparaci\u00f3n y pintura de juegos, as\u00ed como forestaci\u00f3n.<\/p>\n<p>En caso de lluvias como la ocurrida el domingo 13 de julio, durante la cual el viento hizo caer \u00e1rboles, la intervenci\u00f3n de Parques y Jardines se activa a partir de reportes hechos llegar por medios como redes sociales, 911 y Bomberos de Hermosillo.<\/p>\n<p>Los empleados operativos acuden a todos los reportes, pero priorizan el troceo y retiro de los \u00e1rboles derribados que representan un riesgo sobre veh\u00edculos, bardas, cables el\u00e9ctricos o bien porque obstruyen vialidades, abund\u00f3 la funcionaria.<\/p>\n","protected":false},"excerpt":{"rendered":"<p>Hermosillo, Sonora; 15 de julio, 2025.- Para responder a cualquier necesidad de la ciudad, la Direcci\u00f3n de Parques y Jardines del Ayuntamiento de Hermosillo proporcionar\u00e1 sus servicios operativos y administrativos con personal de guardia durante el periodo vacacional de verano, inform\u00f3 Amparo Fontanot, directora de la dependencia. Explic\u00f3 que la ciudad est\u00e1 dividida en los [&hellip;]<\/p>\n","protected":false},"author":2,"featured_media":224427,"comment_status":"closed","ping_status":"closed","sticky":false,"template":"","format":"standard","meta":{"footnotes":""},"categories":[12870,178],"tags":[12865,12869],"class_list":["post-224426","post","type-post","status-publish","format-standard","has-post-thumbnail","hentry","category-destacadas","category-local","tag-destacadas","tag-local"],"jetpack_featured_media_url":"https:\/\/rnoticias.com.mx\/Portal\/wp-content\/uploads\/2025\/07\/31e544d9-a923-4dc7-be80-bc3f8f8a7975.jpg","amp_enabled":true,"_links":{"self":[{"href":"https:\/\/rnoticias.com.mx\/Portal\/wp-json\/wp\/v2\/posts\/224426","targetHints":{"allow":["GET"]}}],"collection":[{"href":"https:\/\/rnoticias.com.mx\/Portal\/wp-json\/wp\/v2\/posts"}],"about":[{"href":"https:\/\/rnoticias.com.mx\/Portal\/wp-json\/wp\/v2\/types\/post"}],"author":[{"embeddable":true,"href":"https:\/\/rnoticias.com.mx\/Portal\/wp-json\/wp\/v2\/users\/2"}],"replies":[{"embeddable":true,"href":"https:\/\/rnoticias.com.mx\/Portal\/wp-json\/wp\/v2\/comments?post=224426"}],"version-history":[{"count":1,"href":"https:\/\/rnoticias.com.mx\/Portal\/wp-json\/wp\/v2\/posts\/224426\/revisions"}],"predecessor-version":[{"id":224428,"href":"https:\/\/rnoticias.com.mx\/Portal\/wp-json\/wp\/v2\/posts\/224426\/revisions\/224428"}],"wp:featuredmedia":[{"embeddable":true,"href":"https:\/\/rnoticias.com.mx\/Portal\/wp-json\/wp\/v2\/media\/224427"}],"wp:attachment":[{"href":"https:\/\/rnoticias.com.mx\/Portal\/wp-json\/wp\/v2\/media?parent=224426"}],"wp:term":[{"taxonomy":"category","embeddable":true,"href":"https:\/\/rnoticias.com.mx\/Portal\/wp-json\/wp\/v2\/categories?post=224426"},{"taxonomy":"post_tag","embeddable":true,"href":"https:\/\/rnoticias.com.mx\/Portal\/wp-json\/wp\/v2\/tags?post=224426"}],"curies":[{"name":"wp","href":"https:\/\/api.w.org\/{rel}","templated":true}]}}