{"id":224423,"date":"2025-07-15T19:25:12","date_gmt":"2025-07-16T02:25:12","guid":{"rendered":"https:\/\/rnoticias.com.mx\/Portal\/?p=224423"},"modified":"2025-07-15T19:25:12","modified_gmt":"2025-07-16T02:25:12","slug":"gobierno-de-sonora-convoca-a-ciudadania-reportar-al-9-1-1-situaciones-sospechosas-en-planteles-educativos","status":"publish","type":"post","link":"https:\/\/rnoticias.com.mx\/Portal\/2025\/07\/15\/gobierno-de-sonora-convoca-a-ciudadania-reportar-al-9-1-1-situaciones-sospechosas-en-planteles-educativos\/","title":{"rendered":"Gobierno de Sonora convoca a ciudadan\u00eda reportar al 9-1-1 situaciones sospechosas en planteles educativos"},"content":{"rendered":"<p>Hermosillo, Sonora; 15 de julio de 2025.- Por una Escuela Segura Siempre, el Gobierno de Sonora hace un llamado a la ciudadan\u00eda a reportar de inmediato a la l\u00ednea de emergencias 9-1-1 cualquier situaci\u00f3n inusual que observen al interior o exterior de planteles educativos.<\/p>\n<p>Para que al regreso de las y los estudiantes a sus respectivas escuelas todo se encuentre en orden para iniciar el ciclo, solicit\u00f3 la colaboraci\u00f3n de madres, padres de familia y vecinos aleda\u00f1os a una instituci\u00f3n escolar a vigilar y reportar cualquier actividad sospechosa.<\/p>\n<p>El Centro de Control, Comando, Comunicaci\u00f3n, C\u00f3mputo, Coordinaci\u00f3n e Inteligencia (C5I) Sonora inform\u00f3 que, la l\u00ednea 9-1-1 est\u00e1 disponible las 24 horas para atender reportes y canalizarlos a las autoridades correspondientes.<\/p>\n<p>Para optimizar la atenci\u00f3n recomend\u00f3 a la ciudadan\u00eda que, al realizar un reporte al n\u00famero \u00fanico de emergencias deben proporcionar a las y los operadores datos como nombre del plantel, direcci\u00f3n, municipio y la situaci\u00f3n que acontece.<\/p>\n<p>El C5I Sonora coment\u00f3 que, otra v\u00eda para denunciar delitos de forma an\u00f3nima y segura es en la l\u00ednea 089.<\/p>\n","protected":false},"excerpt":{"rendered":"<p>Hermosillo, Sonora; 15 de julio de 2025.- Por una Escuela Segura Siempre, el Gobierno de Sonora hace un llamado a la ciudadan\u00eda a reportar de inmediato a la l\u00ednea de emergencias 9-1-1 cualquier situaci\u00f3n inusual que observen al interior o exterior de planteles educativos. Para que al regreso de las y los estudiantes a sus [&hellip;]<\/p>\n","protected":false},"author":2,"featured_media":224424,"comment_status":"closed","ping_status":"closed","sticky":false,"template":"","format":"standard","meta":{"footnotes":""},"categories":[12870,178],"tags":[12865,12869],"class_list":["post-224423","post","type-post","status-publish","format-standard","has-post-thumbnail","hentry","category-destacadas","category-local","tag-destacadas","tag-local"],"jetpack_featured_media_url":"https:\/\/rnoticias.com.mx\/Portal\/wp-content\/uploads\/2025\/07\/unnamed-2-10.jpg","amp_enabled":true,"_links":{"self":[{"href":"https:\/\/rnoticias.com.mx\/Portal\/wp-json\/wp\/v2\/posts\/224423","targetHints":{"allow":["GET"]}}],"collection":[{"href":"https:\/\/rnoticias.com.mx\/Portal\/wp-json\/wp\/v2\/posts"}],"about":[{"href":"https:\/\/rnoticias.com.mx\/Portal\/wp-json\/wp\/v2\/types\/post"}],"author":[{"embeddable":true,"href":"https:\/\/rnoticias.com.mx\/Portal\/wp-json\/wp\/v2\/users\/2"}],"replies":[{"embeddable":true,"href":"https:\/\/rnoticias.com.mx\/Portal\/wp-json\/wp\/v2\/comments?post=224423"}],"version-history":[{"count":1,"href":"https:\/\/rnoticias.com.mx\/Portal\/wp-json\/wp\/v2\/posts\/224423\/revisions"}],"predecessor-version":[{"id":224425,"href":"https:\/\/rnoticias.com.mx\/Portal\/wp-json\/wp\/v2\/posts\/224423\/revisions\/224425"}],"wp:featuredmedia":[{"embeddable":true,"href":"https:\/\/rnoticias.com.mx\/Portal\/wp-json\/wp\/v2\/media\/224424"}],"wp:attachment":[{"href":"https:\/\/rnoticias.com.mx\/Portal\/wp-json\/wp\/v2\/media?parent=224423"}],"wp:term":[{"taxonomy":"category","embeddable":true,"href":"https:\/\/rnoticias.com.mx\/Portal\/wp-json\/wp\/v2\/categories?post=224423"},{"taxonomy":"post_tag","embeddable":true,"href":"https:\/\/rnoticias.com.mx\/Portal\/wp-json\/wp\/v2\/tags?post=224423"}],"curies":[{"name":"wp","href":"https:\/\/api.w.org\/{rel}","templated":true}]}}