{"id":224420,"date":"2025-07-15T19:24:01","date_gmt":"2025-07-16T02:24:01","guid":{"rendered":"https:\/\/rnoticias.com.mx\/Portal\/?p=224420"},"modified":"2025-07-15T19:24:01","modified_gmt":"2025-07-16T02:24:01","slug":"gobierno-de-sonora-impulsa-reforestacion-urbana-con-donacion-gratuita-de-plantas","status":"publish","type":"post","link":"https:\/\/rnoticias.com.mx\/Portal\/2025\/07\/15\/gobierno-de-sonora-impulsa-reforestacion-urbana-con-donacion-gratuita-de-plantas\/","title":{"rendered":"Gobierno de Sonora impulsa reforestaci\u00f3n urbana con donaci\u00f3n gratuita de plantas"},"content":{"rendered":"<p align=\"left\">Hermosillo, Sonora; 15 de julio de 2025.- El Gobierno de Sonora, a trav\u00e9s de la Comisi\u00f3n de Ecolog\u00eda y Desarrollo Sustentable del Estado de Sonora (CEDES), anuncia la apertura del Vivero Estatal para la donaci\u00f3n gratuita de hasta cinco plantas por persona, con el objetivo de promover la reforestaci\u00f3n urbana y el cuidado del entorno.<\/p>\n<p align=\"left\">\n<p align=\"left\">El Vivero Estatal de Sonora se ubica en el bulevar X\u00f3lotl y calle Templo Tl\u00e1loc, en la colonia Cuauht\u00e9moc, con acceso por la zona del Kil\u00f3metro del Centro Ecol\u00f3gico de Sonora. La atenci\u00f3n al p\u00fablico es de lunes a viernes, en un horario de 8:00 a 13:30 horas.<\/p>\n<p align=\"left\">\n<p align=\"left\">Para acceder a la donaci\u00f3n, las personas interesadas deber\u00e1n presentar su credencial de elector (INE) vigente. Las especies disponibles incluyen \u00e1rboles nativos como palo verde, mezquite, palo fierro y chiltep\u00edn, as\u00ed como ejemplares de tepehuaje, mimbre y otras variedades.<\/p>\n<p align=\"left\">\n<p align=\"left\">Con esta acci\u00f3n, CEDES invita a las y los hermosillenses a sumarse a la mejora de la calidad del aire y al embellecimiento de espacios p\u00fablicos y privados. Al adoptar una planta, no solo se contribuye a preservar la flora regional, sino que tambi\u00e9n se fortalece el compromiso comunitario con la sostenibilidad.<\/p>\n<p align=\"left\">\n<p align=\"left\">Se invita a la ciudadan\u00eda a aprovechar esta oportunidad y formar parte activa en la construcci\u00f3n de un Sonora m\u00e1s verde.<\/p>\n","protected":false},"excerpt":{"rendered":"<p>Hermosillo, Sonora; 15 de julio de 2025.- El Gobierno de Sonora, a trav\u00e9s de la Comisi\u00f3n de Ecolog\u00eda y Desarrollo Sustentable del Estado de Sonora (CEDES), anuncia la apertura del Vivero Estatal para la donaci\u00f3n gratuita de hasta cinco plantas por persona, con el objetivo de promover la reforestaci\u00f3n urbana y el cuidado del entorno. [&hellip;]<\/p>\n","protected":false},"author":2,"featured_media":224421,"comment_status":"closed","ping_status":"closed","sticky":false,"template":"","format":"standard","meta":{"footnotes":""},"categories":[12870,178],"tags":[12865,12869],"class_list":["post-224420","post","type-post","status-publish","format-standard","has-post-thumbnail","hentry","category-destacadas","category-local","tag-destacadas","tag-local"],"jetpack_featured_media_url":"https:\/\/rnoticias.com.mx\/Portal\/wp-content\/uploads\/2025\/07\/unnamed-1-24.jpg","amp_enabled":true,"_links":{"self":[{"href":"https:\/\/rnoticias.com.mx\/Portal\/wp-json\/wp\/v2\/posts\/224420","targetHints":{"allow":["GET"]}}],"collection":[{"href":"https:\/\/rnoticias.com.mx\/Portal\/wp-json\/wp\/v2\/posts"}],"about":[{"href":"https:\/\/rnoticias.com.mx\/Portal\/wp-json\/wp\/v2\/types\/post"}],"author":[{"embeddable":true,"href":"https:\/\/rnoticias.com.mx\/Portal\/wp-json\/wp\/v2\/users\/2"}],"replies":[{"embeddable":true,"href":"https:\/\/rnoticias.com.mx\/Portal\/wp-json\/wp\/v2\/comments?post=224420"}],"version-history":[{"count":1,"href":"https:\/\/rnoticias.com.mx\/Portal\/wp-json\/wp\/v2\/posts\/224420\/revisions"}],"predecessor-version":[{"id":224422,"href":"https:\/\/rnoticias.com.mx\/Portal\/wp-json\/wp\/v2\/posts\/224420\/revisions\/224422"}],"wp:featuredmedia":[{"embeddable":true,"href":"https:\/\/rnoticias.com.mx\/Portal\/wp-json\/wp\/v2\/media\/224421"}],"wp:attachment":[{"href":"https:\/\/rnoticias.com.mx\/Portal\/wp-json\/wp\/v2\/media?parent=224420"}],"wp:term":[{"taxonomy":"category","embeddable":true,"href":"https:\/\/rnoticias.com.mx\/Portal\/wp-json\/wp\/v2\/categories?post=224420"},{"taxonomy":"post_tag","embeddable":true,"href":"https:\/\/rnoticias.com.mx\/Portal\/wp-json\/wp\/v2\/tags?post=224420"}],"curies":[{"name":"wp","href":"https:\/\/api.w.org\/{rel}","templated":true}]}}