{"id":224288,"date":"2025-07-14T14:52:19","date_gmt":"2025-07-14T21:52:19","guid":{"rendered":"https:\/\/rnoticias.com.mx\/Portal\/?p=224288"},"modified":"2025-07-14T14:52:19","modified_gmt":"2025-07-14T21:52:19","slug":"cumple-gobernador-durazo-con-pago-de-retroactivo-e-incremento-salarial-al-magisterio-sonorense","status":"publish","type":"post","link":"https:\/\/rnoticias.com.mx\/Portal\/2025\/07\/14\/cumple-gobernador-durazo-con-pago-de-retroactivo-e-incremento-salarial-al-magisterio-sonorense\/","title":{"rendered":"Cumple Gobernador Durazo con pago de retroactivo e incremento salarial al magisterio sonorense"},"content":{"rendered":"<p>Hermosillo, Sonora; 14 de julio de 2025.- En un gesto que reafirma el compromiso y reconocimiento hacia el magisterio sonorense, el gobernador Alfonso Durazo Monta\u00f1o anunci\u00f3 el cumplimiento puntual del pago retroactivo y el incremento salarial 2025 a maestras, maestros, personal administrativo y homologado de educaci\u00f3n b\u00e1sica en Sonora.<\/p>\n<p>El mandatario estatal detall\u00f3 que dicho pago se realizar\u00e1 durante la primera quincena de julio, a la par de la contribuci\u00f3n federal, derivado del aumento salarial del nueve por ciento retroactivo a enero y el uno por ciento m\u00e1s que recibir\u00e1 el magisterio en septiembre, para sumar un aumento total del 10 por ciento, como lo anunci\u00f3 la presidenta Claudia Sheinbaum Pardo.<\/p>\n<p>Este esfuerzo conjunto es un reflejo de la visi\u00f3n compartida por los gobiernos de Sonora y M\u00e9xico, de un futuro pr\u00f3spero para la ni\u00f1ez y juventudes, mediante acciones que honran la labor incansable de quienes forjan ciudadanos cr\u00edticos, emp\u00e1ticos y comprometidos.<\/p>\n<p>\u201cEstoy convencido, porque soy testigo de ello, que la educaci\u00f3n es la gran igualadora de las oportunidades en el \u00e1mbito profesional y personal. Por eso, desde el inicio de mi gobierno hemos fortalecido el sistema educativo al aplicar la inversi\u00f3n m\u00e1s grande en la historia en la educaci\u00f3n p\u00fablica y gratuita\u201d, subray\u00f3 el mandatario.<\/p>\n<p>Enfatiz\u00f3 que m\u00e1s all\u00e1 de cifras y n\u00fameros, el incremento salarial es una muestra tangible de gratitud y confianza en el magisterio, adem\u00e1s de un reconocimiento a su vocaci\u00f3n, su adaptabilidad frente a los retos y a su dedicaci\u00f3n para transmitir conocimiento y valores en cada estudiante.<\/p>\n<p>Con este respaldo y el trabajo conjunto con el magisterio, el Gobierno de Sonora refrenda su compromiso de seguir fortaleciendo el sistema educativo.<\/p>\n","protected":false},"excerpt":{"rendered":"<p>Hermosillo, Sonora; 14 de julio de 2025.- En un gesto que reafirma el compromiso y reconocimiento hacia el magisterio sonorense, el gobernador Alfonso Durazo Monta\u00f1o anunci\u00f3 el cumplimiento puntual del pago retroactivo y el incremento salarial 2025 a maestras, maestros, personal administrativo y homologado de educaci\u00f3n b\u00e1sica en Sonora. El mandatario estatal detall\u00f3 que dicho [&hellip;]<\/p>\n","protected":false},"author":2,"featured_media":224289,"comment_status":"closed","ping_status":"closed","sticky":false,"template":"","format":"standard","meta":{"footnotes":""},"categories":[12870,178],"tags":[12865,12869],"class_list":["post-224288","post","type-post","status-publish","format-standard","has-post-thumbnail","hentry","category-destacadas","category-local","tag-destacadas","tag-local"],"jetpack_featured_media_url":"https:\/\/rnoticias.com.mx\/Portal\/wp-content\/uploads\/2025\/07\/unnamed-46.jpg","amp_enabled":true,"_links":{"self":[{"href":"https:\/\/rnoticias.com.mx\/Portal\/wp-json\/wp\/v2\/posts\/224288","targetHints":{"allow":["GET"]}}],"collection":[{"href":"https:\/\/rnoticias.com.mx\/Portal\/wp-json\/wp\/v2\/posts"}],"about":[{"href":"https:\/\/rnoticias.com.mx\/Portal\/wp-json\/wp\/v2\/types\/post"}],"author":[{"embeddable":true,"href":"https:\/\/rnoticias.com.mx\/Portal\/wp-json\/wp\/v2\/users\/2"}],"replies":[{"embeddable":true,"href":"https:\/\/rnoticias.com.mx\/Portal\/wp-json\/wp\/v2\/comments?post=224288"}],"version-history":[{"count":1,"href":"https:\/\/rnoticias.com.mx\/Portal\/wp-json\/wp\/v2\/posts\/224288\/revisions"}],"predecessor-version":[{"id":224290,"href":"https:\/\/rnoticias.com.mx\/Portal\/wp-json\/wp\/v2\/posts\/224288\/revisions\/224290"}],"wp:featuredmedia":[{"embeddable":true,"href":"https:\/\/rnoticias.com.mx\/Portal\/wp-json\/wp\/v2\/media\/224289"}],"wp:attachment":[{"href":"https:\/\/rnoticias.com.mx\/Portal\/wp-json\/wp\/v2\/media?parent=224288"}],"wp:term":[{"taxonomy":"category","embeddable":true,"href":"https:\/\/rnoticias.com.mx\/Portal\/wp-json\/wp\/v2\/categories?post=224288"},{"taxonomy":"post_tag","embeddable":true,"href":"https:\/\/rnoticias.com.mx\/Portal\/wp-json\/wp\/v2\/tags?post=224288"}],"curies":[{"name":"wp","href":"https:\/\/api.w.org\/{rel}","templated":true}]}}