{"id":224285,"date":"2025-07-14T14:51:38","date_gmt":"2025-07-14T21:51:38","guid":{"rendered":"https:\/\/rnoticias.com.mx\/Portal\/?p=224285"},"modified":"2025-07-14T14:51:38","modified_gmt":"2025-07-14T21:51:38","slug":"dalilah-polanco-es-la-septima-habitante-de-lcdlfm3","status":"publish","type":"post","link":"https:\/\/rnoticias.com.mx\/Portal\/2025\/07\/14\/dalilah-polanco-es-la-septima-habitante-de-lcdlfm3\/","title":{"rendered":"Dalilah Polanco es la s\u00e9ptima habitante de LCDLFM3"},"content":{"rendered":"<p>La tercera temporada de\u00a0<strong>La Casa de los Famosos M\u00e9xico 2025<\/strong>\u00a0est\u00e1 a la vuela de la esquina y mientras m\u00e1s pasa el tiempo, m\u00e1s crecen las expectativas con los habitantes de esta nueva temporada. Ya esta nueva edici\u00f3n de\u00a0<strong>Televisa<\/strong>\u00a0promete tener emociones, intrigas y momentos memorables.<\/p>\n<p><strong>La s\u00e9ptima habitante confirmada\u00a0<\/strong>de esta nueva temporada es nada m\u00e1s ni nada menos que\u00a0<strong>Dalilah Polanco<\/strong>\u00a0de 47 a\u00f1os, quien\u00a0<strong>es una actriz, comediante y conductora mexicana<\/strong>\u00a0que cuenta con una impresionante y s\u00f3lida trayectoria en televisi\u00f3n mexicana, gan\u00e1ndose el cari\u00f1o del p\u00fablico debido a su carisma, humor y profesionalismo.<\/p>\n<p>La vida de Dalilah se desarroll\u00f3 en el \u00e1mbito art\u00edstico ya que al ser\u00a0<strong>hija del m\u00fasico Cutberto P\u00e9rez<\/strong>,\u00a0<strong>fundador del Mariachi 2000 y de la bailarina de ballet folcl\u00f3rico A\u00edda Polanco<\/strong>, Dalilah creci\u00f3 en un entorno art\u00edstico que impuls\u00f3 su pasi\u00f3n por los reflectores desde muy joven. Polanco tiene una impresionante versatilidad ya que su carrera no se limita solo a la comedia, ya que en producciones como\u00a0<strong>\u201cMujer, casos de la vida real\u201d, \u201cRBD: La familia\u201d y \u201cVecinos\u201d<\/strong>\u00a0ha demostrado que se desarrolla tanto en el drama como en la comedia.<\/p>\n<p>\u00a1Y por eso y m\u00e1s cualidades, Dalilah Polanco fue una de las candidatas seleccionadas para enfrentarse al monstruo de La Casa de los Famosos M\u00e9xico 3!<\/p>\n<p>&nbsp;<\/p>\n<p>Fuente: Milenio\/<\/p>\n","protected":false},"excerpt":{"rendered":"<p>La tercera temporada de\u00a0La Casa de los Famosos M\u00e9xico 2025\u00a0est\u00e1 a la vuela de la esquina y mientras m\u00e1s pasa el tiempo, m\u00e1s crecen las expectativas con los habitantes de esta nueva temporada. Ya esta nueva edici\u00f3n de\u00a0Televisa\u00a0promete tener emociones, intrigas y momentos memorables. La s\u00e9ptima habitante confirmada\u00a0de esta nueva temporada es nada m\u00e1s ni [&hellip;]<\/p>\n","protected":false},"author":2,"featured_media":224286,"comment_status":"closed","ping_status":"closed","sticky":false,"template":"","format":"standard","meta":{"footnotes":""},"categories":[12870,219],"tags":[12865,12875],"class_list":["post-224285","post","type-post","status-publish","format-standard","has-post-thumbnail","hentry","category-destacadas","category-espectaculos","tag-destacadas","tag-espectaculos"],"jetpack_featured_media_url":"https:\/\/rnoticias.com.mx\/Portal\/wp-content\/uploads\/2025\/07\/dalilah-polanco.jpg_1844797724.webp","amp_enabled":true,"_links":{"self":[{"href":"https:\/\/rnoticias.com.mx\/Portal\/wp-json\/wp\/v2\/posts\/224285","targetHints":{"allow":["GET"]}}],"collection":[{"href":"https:\/\/rnoticias.com.mx\/Portal\/wp-json\/wp\/v2\/posts"}],"about":[{"href":"https:\/\/rnoticias.com.mx\/Portal\/wp-json\/wp\/v2\/types\/post"}],"author":[{"embeddable":true,"href":"https:\/\/rnoticias.com.mx\/Portal\/wp-json\/wp\/v2\/users\/2"}],"replies":[{"embeddable":true,"href":"https:\/\/rnoticias.com.mx\/Portal\/wp-json\/wp\/v2\/comments?post=224285"}],"version-history":[{"count":1,"href":"https:\/\/rnoticias.com.mx\/Portal\/wp-json\/wp\/v2\/posts\/224285\/revisions"}],"predecessor-version":[{"id":224287,"href":"https:\/\/rnoticias.com.mx\/Portal\/wp-json\/wp\/v2\/posts\/224285\/revisions\/224287"}],"wp:featuredmedia":[{"embeddable":true,"href":"https:\/\/rnoticias.com.mx\/Portal\/wp-json\/wp\/v2\/media\/224286"}],"wp:attachment":[{"href":"https:\/\/rnoticias.com.mx\/Portal\/wp-json\/wp\/v2\/media?parent=224285"}],"wp:term":[{"taxonomy":"category","embeddable":true,"href":"https:\/\/rnoticias.com.mx\/Portal\/wp-json\/wp\/v2\/categories?post=224285"},{"taxonomy":"post_tag","embeddable":true,"href":"https:\/\/rnoticias.com.mx\/Portal\/wp-json\/wp\/v2\/tags?post=224285"}],"curies":[{"name":"wp","href":"https:\/\/api.w.org\/{rel}","templated":true}]}}