{"id":224261,"date":"2025-07-12T15:17:37","date_gmt":"2025-07-12T22:17:37","guid":{"rendered":"https:\/\/rnoticias.com.mx\/Portal\/?p=224261"},"modified":"2025-07-12T15:17:37","modified_gmt":"2025-07-12T22:17:37","slug":"nadadores-mexicanos-ganan-amparo-para-competir-en-universiada-mundial-2025","status":"publish","type":"post","link":"https:\/\/rnoticias.com.mx\/Portal\/2025\/07\/12\/nadadores-mexicanos-ganan-amparo-para-competir-en-universiada-mundial-2025\/","title":{"rendered":"Nadadores mexicanos ganan amparo para competir en Universiada Mundial 2025"},"content":{"rendered":"<p>Nueve d\u00edas despu\u00e9s de que\u00a0<strong>Santiago Blanco y Circe Garrido<\/strong>, nadadores mexicanos, denunciaran ser relegados de la\u00a0<strong>Universiada Mundial 2025<\/strong>\u00a0pese a pagar\u00a0<strong>80 mil pesos<\/strong>\u00a0para participar, el Poder Judicial de la Federaci\u00f3n (<strong>PJF<\/strong>) les concedi\u00f3 una suspensi\u00f3n provisional, lo que obliga al Consejo Nacional del Deporte de la Educaci\u00f3n (<strong>CONDDE<\/strong>) a inscribir y garantizar la participaci\u00f3n de los atletas en la competencia de\u00a0<strong>Alemania<\/strong>.<\/p>\n<p>Hasta el momento, el\u00a0<strong>CONDDE<\/strong>\u00a0no ha aclarado si los atletas, incluyendo a\u00a0<strong>Alexis Romero<\/strong>, recuperar\u00e1n sus lugares, pues los propios organizadores reconocieron que le toca a la autoridad deportiva universitaria determinar los cupos para los\u00a0<strong>Juegos Mundiales Universitarios de Verano FISU 2025<\/strong>.<\/p>\n<h2 id=\"h-conceden-amparo-a-nadadores-relegados-de-la-universiada-mundial-2025\" class=\"wp-block-heading\">Conceden amparo a nadadores relegados de la Universiada Mundial 2025<\/h2>\n<p>A trav\u00e9s de sus redes sociales,<strong>\u00a0Santiago Blanco\u00a0<\/strong>comparti\u00f3 que el<strong>\u00a0PJF<\/strong>\u00a0concedi\u00f3 a los atletas la\u00a0<strong>suspensi\u00f3n provisional<\/strong>\u00a0por la demanda de amparo que presentaron en d\u00edas pasados.<\/p>\n<blockquote class=\"wp-block-quote is-layout-flow wp-block-quote-is-layout-flow\"><p>\u201cEste paso representa el reconocimiento de nuestros derechos como atletas mexicanos\u201d.<\/p>\n<p><cite>Santiago Blanco<\/cite><\/p><\/blockquote>\n<figure class=\"wp-block-embed is-provider-instagram wp-block-embed-instagram\">\n<div class=\"wp-block-embed__wrapper\">\n<div class=\"amx-core-embed-social\"><\/div>\n<\/div>\n<\/figure>\n<div class=\"code-block code-block-1\"><\/div>\n<p>El joven nadador comparti\u00f3 un fragmento del\u00a0<strong>amparo<\/strong>, en el que se lee lo siguiente<\/p>\n<p class=\"has-text-align-center\"><strong>\u201cSe concede la suspensi\u00f3n provisional (\u2026) para que las autoridades responsables realicen todos los actos a su alcance para inscribir y garantizar la participaci\u00f3n efectiva de los quejosos en los Juegos Mundiales Universitarios Rhine-Ruhr FISU 2025, respetando el lugar que ten\u00edan asignado en dicha competencia\u2026\u201d<\/strong><\/p>\n<p>Blanco celebr\u00f3 esta resoluci\u00f3n, argumentando que \u201c<strong>nos est\u00e1n devolviendo la posibilidad de competir<\/strong>, mientras se resuelve lo definitivo\u201d.<\/p>\n<p>El competidor, que representar\u00eda a la\u00a0<strong>Universidad An\u00e1huac Campus Norte<\/strong>, agradeci\u00f3 a las personas que lo han apoyado en los \u00faltimos d\u00edas. \u201cEsta victoria tambi\u00e9n es suya. Porque cuando luchamos unidos, s\u00ed se puede\u201d, escribi\u00f3.<\/p>\n<p>Finalmente,\u00a0<strong>Santiago Blanco<\/strong>\u00a0remat\u00f3: \u201cHoy es una prueba de que vale la pena luchar por lo que es justo y por nuestro sue\u00f1os, creo en M\u00e9xico y en la justicia que se imparte\u201d.<\/p>\n<h2 id=\"h-que-ha-dicho-el-condde-al-respecto-de-esta-situacion\" class=\"wp-block-heading\">\u00bfQu\u00e9 ha dicho el CONDDE al respecto de esta situaci\u00f3n?<\/h2>\n<p>Hasta el momento, el\u00a0<strong>CONDDE<\/strong>, instancia acusada de sacar a los atletas, no ha emitido declaraciones al respecto del\u00a0<strong>amparo<\/strong>\u00a0a favor de los nadadores.<\/p>\n<p>Desde que los competidores acusaron una decisi\u00f3n arbitraria, el Consejo solo public\u00f3\u00a0<a href=\"https:\/\/condde.net\/web\/?p=16488\">un comunicado<\/a>\u00a0el pasado 7 de junio, en el que asegur\u00f3 que los organizadores de la competencia, la Federaci\u00f3n Internacional del Deporte Universitario (<strong>FISU<\/strong>, por sus siglas en ingl\u00e9s), redujeron los\u00a0<strong>lugares de participaci\u00f3n<\/strong>.<\/p>\n","protected":false},"excerpt":{"rendered":"<p>Nueve d\u00edas despu\u00e9s de que\u00a0Santiago Blanco y Circe Garrido, nadadores mexicanos, denunciaran ser relegados de la\u00a0Universiada Mundial 2025\u00a0pese a pagar\u00a080 mil pesos\u00a0para participar, el Poder Judicial de la Federaci\u00f3n (PJF) les concedi\u00f3 una suspensi\u00f3n provisional, lo que obliga al Consejo Nacional del Deporte de la Educaci\u00f3n (CONDDE) a inscribir y garantizar la participaci\u00f3n de los [&hellip;]<\/p>\n","protected":false},"author":2,"featured_media":224262,"comment_status":"closed","ping_status":"closed","sticky":false,"template":"","format":"standard","meta":{"footnotes":""},"categories":[188,12870],"tags":[5231,12865],"class_list":["post-224261","post","type-post","status-publish","format-standard","has-post-thumbnail","hentry","category-deportes","category-destacadas","tag-deportes","tag-destacadas"],"jetpack_featured_media_url":"https:\/\/rnoticias.com.mx\/Portal\/wp-content\/uploads\/2025\/07\/nadadores-fuera-de-la-universiada-105643-1024x576-1.jpg","amp_enabled":true,"_links":{"self":[{"href":"https:\/\/rnoticias.com.mx\/Portal\/wp-json\/wp\/v2\/posts\/224261","targetHints":{"allow":["GET"]}}],"collection":[{"href":"https:\/\/rnoticias.com.mx\/Portal\/wp-json\/wp\/v2\/posts"}],"about":[{"href":"https:\/\/rnoticias.com.mx\/Portal\/wp-json\/wp\/v2\/types\/post"}],"author":[{"embeddable":true,"href":"https:\/\/rnoticias.com.mx\/Portal\/wp-json\/wp\/v2\/users\/2"}],"replies":[{"embeddable":true,"href":"https:\/\/rnoticias.com.mx\/Portal\/wp-json\/wp\/v2\/comments?post=224261"}],"version-history":[{"count":1,"href":"https:\/\/rnoticias.com.mx\/Portal\/wp-json\/wp\/v2\/posts\/224261\/revisions"}],"predecessor-version":[{"id":224263,"href":"https:\/\/rnoticias.com.mx\/Portal\/wp-json\/wp\/v2\/posts\/224261\/revisions\/224263"}],"wp:featuredmedia":[{"embeddable":true,"href":"https:\/\/rnoticias.com.mx\/Portal\/wp-json\/wp\/v2\/media\/224262"}],"wp:attachment":[{"href":"https:\/\/rnoticias.com.mx\/Portal\/wp-json\/wp\/v2\/media?parent=224261"}],"wp:term":[{"taxonomy":"category","embeddable":true,"href":"https:\/\/rnoticias.com.mx\/Portal\/wp-json\/wp\/v2\/categories?post=224261"},{"taxonomy":"post_tag","embeddable":true,"href":"https:\/\/rnoticias.com.mx\/Portal\/wp-json\/wp\/v2\/tags?post=224261"}],"curies":[{"name":"wp","href":"https:\/\/api.w.org\/{rel}","templated":true}]}}