{"id":224222,"date":"2025-07-12T10:53:01","date_gmt":"2025-07-12T17:53:01","guid":{"rendered":"https:\/\/rnoticias.com.mx\/Portal\/?p=224222"},"modified":"2025-07-12T10:53:01","modified_gmt":"2025-07-12T17:53:01","slug":"tres-anos-sin-jose-manuel-castillo-velazquez-el-heroe-de-la-laguna-del-nainari","status":"publish","type":"post","link":"https:\/\/rnoticias.com.mx\/Portal\/2025\/07\/12\/tres-anos-sin-jose-manuel-castillo-velazquez-el-heroe-de-la-laguna-del-nainari\/","title":{"rendered":"Tres a\u00f1os sin Jos\u00e9 Manuel Castillo Vel\u00e1zquez, el H\u00e9roe de la Laguna del N\u00e1inari"},"content":{"rendered":"<p>Han pasado tres a\u00f1os desde que una tragedia en la Laguna del N\u00e1inari enlut\u00f3 a una familia y convirti\u00f3 en h\u00e9roe a su protagonista,\u00a0<strong>Jos\u00e9 Manuel Castillo Vel\u00e1zquez<\/strong>, un joven artista de Ciudad Obreg\u00f3n cuyos sue\u00f1os y anhelos se vieron truncados.<\/p>\n<p>Corr\u00eda el 12 de julio de 2022, cuando una mujer, bajo los influjos del alcohol, se intern\u00f3 en las aguas de la tambi\u00e9n conocida como &#8220;Novia de Cajeme&#8221;. En el estacionamiento de lugar se encontraba un joven que esperaba que un familiar saliera de consulta del IMSS.<\/p>\n<p>De pronto, la voz de auxilio lo sac\u00f3 de sus pensamientos: la mujer se estaba ahogando, por lo que ped\u00eda ayuda para salir. Sin detenerse a pensarlo, Juan Manuel se lanz\u00f3 al agua; sin embargo, la pesadez, aunado a otros factores, hicieron que se hundiera para no salir con vida.<\/p>\n<p>El momento fue presenciado por varias personas, entre ellas un hombre que vio c\u00f3mo la joven promesa de la m\u00fasica ya no pudo salir. De inmediato dio la voz de alerta y personal de Protecci\u00f3n Civil y de Bomberos llegaron unos para rescatar a la mujer en apuros; los segundos para buscar a Juan Manuel en las profundidades.<\/p>\n<p>La tragedia de\u00a0<strong>Manuel Castell<\/strong>, nombre art\u00edstico del joven h\u00e9roe, justo cuatro d\u00edas despu\u00e9s de haber cumplido 28 a\u00f1os, conmovi\u00f3 a la sociedad cajemense, que pidi\u00f3 a las autoridades que se erigiera en su memoria una placa y que el corredor de la Laguna del N\u00e1inari llevara su nombre.<\/p>\n<p>En su honor, en el lugar donde perdi\u00f3 la vida, se erigi\u00f3 la placa con su rostro, fecha de nacimiento y el de su muerte; est\u00e1 adornada con una guitarra y notas musicales, como muestra de su gran amor por la m\u00fasica, y est\u00e1 firmada &#8220;Con amor, de tu familia&#8221;.<\/p>\n<p>Hoy, esa placa forma parte de la Laguna del N\u00e1inari y de la historia de Cajeme, un municipio forjado con el esfuerzo y las vidas de quienes le dieron forma y que hoy es punto neur\u00e1lgico y pujante del sur de Sonora.<\/p>\n<p>A tres a\u00f1os de aquel doloroso momento, Juan Manuel Castillo Vel\u00e1zquez se inmortaliz\u00f3 no como cantante, sino como h\u00e9roe por su elevado amor al pr\u00f3jimo.<\/p>\n<p>&nbsp;<\/p>\n<p>Diario del Yaqui<\/p>\n<p>&nbsp;<\/p>\n","protected":false},"excerpt":{"rendered":"<p>Han pasado tres a\u00f1os desde que una tragedia en la Laguna del N\u00e1inari enlut\u00f3 a una familia y convirti\u00f3 en h\u00e9roe a su protagonista,\u00a0Jos\u00e9 Manuel Castillo Vel\u00e1zquez, un joven artista de Ciudad Obreg\u00f3n cuyos sue\u00f1os y anhelos se vieron truncados. Corr\u00eda el 12 de julio de 2022, cuando una mujer, bajo los influjos del alcohol, [&hellip;]<\/p>\n","protected":false},"author":2,"featured_media":224223,"comment_status":"closed","ping_status":"closed","sticky":false,"template":"","format":"standard","meta":{"footnotes":""},"categories":[12870,174],"tags":[12865,12873],"class_list":["post-224222","post","type-post","status-publish","format-standard","has-post-thumbnail","hentry","category-destacadas","category-estatal","tag-destacadas","tag-estatal"],"jetpack_featured_media_url":"https:\/\/rnoticias.com.mx\/Portal\/wp-content\/uploads\/2025\/07\/19902.webp","amp_enabled":true,"_links":{"self":[{"href":"https:\/\/rnoticias.com.mx\/Portal\/wp-json\/wp\/v2\/posts\/224222","targetHints":{"allow":["GET"]}}],"collection":[{"href":"https:\/\/rnoticias.com.mx\/Portal\/wp-json\/wp\/v2\/posts"}],"about":[{"href":"https:\/\/rnoticias.com.mx\/Portal\/wp-json\/wp\/v2\/types\/post"}],"author":[{"embeddable":true,"href":"https:\/\/rnoticias.com.mx\/Portal\/wp-json\/wp\/v2\/users\/2"}],"replies":[{"embeddable":true,"href":"https:\/\/rnoticias.com.mx\/Portal\/wp-json\/wp\/v2\/comments?post=224222"}],"version-history":[{"count":1,"href":"https:\/\/rnoticias.com.mx\/Portal\/wp-json\/wp\/v2\/posts\/224222\/revisions"}],"predecessor-version":[{"id":224224,"href":"https:\/\/rnoticias.com.mx\/Portal\/wp-json\/wp\/v2\/posts\/224222\/revisions\/224224"}],"wp:featuredmedia":[{"embeddable":true,"href":"https:\/\/rnoticias.com.mx\/Portal\/wp-json\/wp\/v2\/media\/224223"}],"wp:attachment":[{"href":"https:\/\/rnoticias.com.mx\/Portal\/wp-json\/wp\/v2\/media?parent=224222"}],"wp:term":[{"taxonomy":"category","embeddable":true,"href":"https:\/\/rnoticias.com.mx\/Portal\/wp-json\/wp\/v2\/categories?post=224222"},{"taxonomy":"post_tag","embeddable":true,"href":"https:\/\/rnoticias.com.mx\/Portal\/wp-json\/wp\/v2\/tags?post=224222"}],"curies":[{"name":"wp","href":"https:\/\/api.w.org\/{rel}","templated":true}]}}