{"id":224219,"date":"2025-07-12T10:50:16","date_gmt":"2025-07-12T17:50:16","guid":{"rendered":"https:\/\/rnoticias.com.mx\/Portal\/?p=224219"},"modified":"2025-07-12T10:50:16","modified_gmt":"2025-07-12T17:50:16","slug":"la-sip-exige-proteccion-para-dos-periodistas-amenazados-en-mexico","status":"publish","type":"post","link":"https:\/\/rnoticias.com.mx\/Portal\/2025\/07\/12\/la-sip-exige-proteccion-para-dos-periodistas-amenazados-en-mexico\/","title":{"rendered":"La SIP exige protecci\u00f3n para dos periodistas amenazados en M\u00e9xico"},"content":{"rendered":"<p>La Sociedad Interamericana de Prensa (SIP) exhort\u00f3 a las autoridades mexicanas a garantizar la seguridad de los periodistas \u00d3scar Balderas y Luis Chaparro, quienes han denunciado amenazas de muerte tras publicar investigaciones sobre el crimen organizado.<\/p>\n<div class=\"jeg_ad jeg_ad_article jnews_content_inline_ads  \"><\/div>\n<p>La organizaci\u00f3n, con sede en Miami, tambi\u00e9n pidi\u00f3 una investigaci\u00f3n exhaustiva y transparente para dar con los responsables de las intimidaciones.<\/p>\n<p>Balderas, colaborador del diario Milenio y especialista en temas de seguridad p\u00fablica y narcotr\u00e1fico, denunci\u00f3 la semana pasada haber recibido amenazas de muerte.<\/p>\n<p>\u201cDejo constancia: hoy recib\u00ed tres llamadas de un n\u00famero privado que me han dicho que me van a matar si sigo investigando crimen organizado\u201d, escribi\u00f3, seg\u00fan report\u00f3 el diario El Universal.<\/p>\n<p>Balderas ha trabajado en medios como Animal Pol\u00edtico, Vice News, Univision y MVS Noticias, y ha documentado las operaciones de c\u00e1rteles como el de Sinaloa y el CJNG.<\/p>\n<p>Por su parte, Chaparro, de Pie de P\u00e1gina y con experiencia en la cobertura del narcotr\u00e1fico en la frontera norte, tambi\u00e9n denunci\u00f3 amenazas en su contra el pasado 6 de julio. Chaparro ha colaborado con medios como CNN, Proceso y Vice News.<\/p>\n<p>Ambos comunicadores solicitaron visibilidad sobre su situaci\u00f3n como forma de protecci\u00f3n ante los riesgos que enfrentan.<\/p>\n<p>Esta amenazas \u201cson un reflejo del peligro extremo que enfrentan los periodistas en M\u00e9xico. No se puede permitir que el miedo silencie el trabajo period\u00edstico que es vital para la sociedad\u201d, expres\u00f3 Jos\u00e9 Roberto Dutriz, presidente de la SIP.<\/p>\n<p>Martha Ramos, presidenta de la Comisi\u00f3n de Libertad de Prensa e Informaci\u00f3n de la SIP, subray\u00f3 la urgencia de una respuesta institucional:<\/p>\n<p>\u201cExhortamos a las autoridades a abrir investigaciones prontas, imparciales y rigurosas que permitan esclarecer los hechos y determinar responsabilidades\u201d, se\u00f1al\u00f3.<\/p>\n","protected":false},"excerpt":{"rendered":"<p>La Sociedad Interamericana de Prensa (SIP) exhort\u00f3 a las autoridades mexicanas a garantizar la seguridad de los periodistas \u00d3scar Balderas y Luis Chaparro, quienes han denunciado amenazas de muerte tras publicar investigaciones sobre el crimen organizado. La organizaci\u00f3n, con sede en Miami, tambi\u00e9n pidi\u00f3 una investigaci\u00f3n exhaustiva y transparente para dar con los responsables de [&hellip;]<\/p>\n","protected":false},"author":2,"featured_media":224220,"comment_status":"closed","ping_status":"closed","sticky":false,"template":"","format":"standard","meta":{"footnotes":""},"categories":[12870,172],"tags":[12865,12874],"class_list":["post-224219","post","type-post","status-publish","format-standard","has-post-thumbnail","hentry","category-destacadas","category-nacional","tag-destacadas","tag-nacional"],"jetpack_featured_media_url":"https:\/\/rnoticias.com.mx\/Portal\/wp-content\/uploads\/2025\/07\/Fr8zWmCd.jpg","amp_enabled":true,"_links":{"self":[{"href":"https:\/\/rnoticias.com.mx\/Portal\/wp-json\/wp\/v2\/posts\/224219","targetHints":{"allow":["GET"]}}],"collection":[{"href":"https:\/\/rnoticias.com.mx\/Portal\/wp-json\/wp\/v2\/posts"}],"about":[{"href":"https:\/\/rnoticias.com.mx\/Portal\/wp-json\/wp\/v2\/types\/post"}],"author":[{"embeddable":true,"href":"https:\/\/rnoticias.com.mx\/Portal\/wp-json\/wp\/v2\/users\/2"}],"replies":[{"embeddable":true,"href":"https:\/\/rnoticias.com.mx\/Portal\/wp-json\/wp\/v2\/comments?post=224219"}],"version-history":[{"count":1,"href":"https:\/\/rnoticias.com.mx\/Portal\/wp-json\/wp\/v2\/posts\/224219\/revisions"}],"predecessor-version":[{"id":224221,"href":"https:\/\/rnoticias.com.mx\/Portal\/wp-json\/wp\/v2\/posts\/224219\/revisions\/224221"}],"wp:featuredmedia":[{"embeddable":true,"href":"https:\/\/rnoticias.com.mx\/Portal\/wp-json\/wp\/v2\/media\/224220"}],"wp:attachment":[{"href":"https:\/\/rnoticias.com.mx\/Portal\/wp-json\/wp\/v2\/media?parent=224219"}],"wp:term":[{"taxonomy":"category","embeddable":true,"href":"https:\/\/rnoticias.com.mx\/Portal\/wp-json\/wp\/v2\/categories?post=224219"},{"taxonomy":"post_tag","embeddable":true,"href":"https:\/\/rnoticias.com.mx\/Portal\/wp-json\/wp\/v2\/tags?post=224219"}],"curies":[{"name":"wp","href":"https:\/\/api.w.org\/{rel}","templated":true}]}}