{"id":224207,"date":"2025-07-12T10:07:05","date_gmt":"2025-07-12T17:07:05","guid":{"rendered":"https:\/\/rnoticias.com.mx\/Portal\/?p=224207"},"modified":"2025-07-12T10:07:05","modified_gmt":"2025-07-12T17:07:05","slug":"impulsan-formacion-deportiva-de-ninas-y-ninos-en-el-sur-de-sonora","status":"publish","type":"post","link":"https:\/\/rnoticias.com.mx\/Portal\/2025\/07\/12\/impulsan-formacion-deportiva-de-ninas-y-ninos-en-el-sur-de-sonora\/","title":{"rendered":"Impulsan formaci\u00f3n deportiva de ni\u00f1as y ni\u00f1os en el sur de Sonora"},"content":{"rendered":"<p align=\"left\">Hermosillo, Sonora; 12 de julio de 2025.- Con el prop\u00f3sito de fomentar valores, disciplina y trabajo en equipo desde la infancia, el Gobierno de Sonora, a trav\u00e9s del Sistema DIF Sonora, invita a ni\u00f1as y ni\u00f1os de entre 7 y 14 a\u00f1os a participar en el 1er Campamento de B\u00e1squetbol Profesional \u201cFormando Campeones\u201d, impartido por el entrenador de la Selecci\u00f3n Nacional de B\u00e1squetbol, Omar Quintero.<\/p>\n<p align=\"left\">Este esfuerzo responde al inter\u00e9s del gobernador Alfonso Durazo por promover el deporte como una herramienta para el desarrollo integral de la ni\u00f1ez, especialmente en regiones prioritarias del estado.<\/p>\n<p align=\"left\">La directora general del Sistema DIF Sonora, Lizeth V\u00e1squez Ochoa, destac\u00f3 que esta iniciativa busca ofrecer a la ni\u00f1ez espacios seguros para su sano esparcimiento y crecimiento personal, al tiempo que se fortalecen sus habilidades f\u00edsicas, sociales y emocionales.<\/p>\n<p align=\"left\">El campamento se llevar\u00e1 a cabo en tres sedes del sur del estado:<\/p>\n<ul>\n<li>Jueves 18 de julio, en Huatabampo, en la cancha de b\u00e1squetbol de la UPN<\/li>\n<li>Viernes 19 de julio, en Etchojoa, en la Plaza 5 de Mayo<\/li>\n<li>S\u00e1bado 20 de julio, en Navojoa, en la Unidad Deportiva Faustino F\u00e9lix Serna<\/li>\n<\/ul>\n<p align=\"left\">El registro iniciar\u00e1 a las 4:00 p.m. y la cl\u00ednica deportiva se desarrollar\u00e1 de 6:00 a 9:00 p.m. El cupo est\u00e1 limitado a 150 ni\u00f1as y ni\u00f1os por sede.<\/p>\n","protected":false},"excerpt":{"rendered":"<p>Hermosillo, Sonora; 12 de julio de 2025.- Con el prop\u00f3sito de fomentar valores, disciplina y trabajo en equipo desde la infancia, el Gobierno de Sonora, a trav\u00e9s del Sistema DIF Sonora, invita a ni\u00f1as y ni\u00f1os de entre 7 y 14 a\u00f1os a participar en el 1er Campamento de B\u00e1squetbol Profesional \u201cFormando Campeones\u201d, impartido por [&hellip;]<\/p>\n","protected":false},"author":2,"featured_media":224208,"comment_status":"closed","ping_status":"closed","sticky":false,"template":"","format":"standard","meta":{"footnotes":""},"categories":[188,12870],"tags":[5231,12865],"class_list":["post-224207","post","type-post","status-publish","format-standard","has-post-thumbnail","hentry","category-deportes","category-destacadas","tag-deportes","tag-destacadas"],"jetpack_featured_media_url":"https:\/\/rnoticias.com.mx\/Portal\/wp-content\/uploads\/2025\/07\/unnamed-44.jpg","amp_enabled":true,"_links":{"self":[{"href":"https:\/\/rnoticias.com.mx\/Portal\/wp-json\/wp\/v2\/posts\/224207","targetHints":{"allow":["GET"]}}],"collection":[{"href":"https:\/\/rnoticias.com.mx\/Portal\/wp-json\/wp\/v2\/posts"}],"about":[{"href":"https:\/\/rnoticias.com.mx\/Portal\/wp-json\/wp\/v2\/types\/post"}],"author":[{"embeddable":true,"href":"https:\/\/rnoticias.com.mx\/Portal\/wp-json\/wp\/v2\/users\/2"}],"replies":[{"embeddable":true,"href":"https:\/\/rnoticias.com.mx\/Portal\/wp-json\/wp\/v2\/comments?post=224207"}],"version-history":[{"count":1,"href":"https:\/\/rnoticias.com.mx\/Portal\/wp-json\/wp\/v2\/posts\/224207\/revisions"}],"predecessor-version":[{"id":224209,"href":"https:\/\/rnoticias.com.mx\/Portal\/wp-json\/wp\/v2\/posts\/224207\/revisions\/224209"}],"wp:featuredmedia":[{"embeddable":true,"href":"https:\/\/rnoticias.com.mx\/Portal\/wp-json\/wp\/v2\/media\/224208"}],"wp:attachment":[{"href":"https:\/\/rnoticias.com.mx\/Portal\/wp-json\/wp\/v2\/media?parent=224207"}],"wp:term":[{"taxonomy":"category","embeddable":true,"href":"https:\/\/rnoticias.com.mx\/Portal\/wp-json\/wp\/v2\/categories?post=224207"},{"taxonomy":"post_tag","embeddable":true,"href":"https:\/\/rnoticias.com.mx\/Portal\/wp-json\/wp\/v2\/tags?post=224207"}],"curies":[{"name":"wp","href":"https:\/\/api.w.org\/{rel}","templated":true}]}}