{"id":224195,"date":"2025-07-12T09:36:35","date_gmt":"2025-07-12T16:36:35","guid":{"rendered":"https:\/\/rnoticias.com.mx\/Portal\/?p=224195"},"modified":"2025-07-12T09:36:35","modified_gmt":"2025-07-12T16:36:35","slug":"fortalece-gobierno-de-sonora-educacion-intercultural-en-universidades-utetchojoa","status":"publish","type":"post","link":"https:\/\/rnoticias.com.mx\/Portal\/2025\/07\/12\/fortalece-gobierno-de-sonora-educacion-intercultural-en-universidades-utetchojoa\/","title":{"rendered":"Fortalece Gobierno de Sonora educaci\u00f3n intercultural en universidades: UTEtchojoa"},"content":{"rendered":"<p align=\"left\">Etchojoa, Sonora; 12 de julio de 2025.-\u00a0Con el objetivo de fortalecer la excelencia educativa desde una perspectiva intercultural, la Universidad Tecnol\u00f3gica de Etchojoa (UTE) y la Direcci\u00f3n de Educaci\u00f3n Intercultural realizaron el Taller de Diagn\u00f3stico con autoridades tradicionales e integrantes del pueblo yoreme-mayo.<\/p>\n<p align=\"left\">La actividad forma parte de los esfuerzos del Gobierno de Sonora, a trav\u00e9s de sus instituciones, por incorporar la visi\u00f3n del pueblo yoreme-mayo en los procesos educativos, considerando sus valores, costumbres y conocimientos tradicionales como una v\u00eda para enriquecer la formaci\u00f3n de las y los j\u00f3venes de la regi\u00f3n.<\/p>\n<p align=\"left\">El rector de la UTE, Jos\u00e9 F\u00e9lix G\u00f3mez Anduro, destac\u00f3 el compromiso y trabajo conjunto entre la universidad, la Direcci\u00f3n de Educaci\u00f3n Intercultural de la SEP, as\u00ed como el cuerpo docente y administrativo que participaron en este importante espacio de di\u00e1logo.<\/p>\n<p align=\"left\">Asimismo, subray\u00f3 la relevancia de promover una educaci\u00f3n inclusiva y contextualizada, integrando los saberes y aportaciones de las comunidades originarias, donde la diversidad cultural se convierte en un pilar esencial para el desarrollo acad\u00e9mico y social del sur de la entidad.<\/p>\n<p align=\"left\">El evento reuni\u00f3 a representantes clave del sector tradicional, educativo, legislativo y gubernamental.<\/p>\n","protected":false},"excerpt":{"rendered":"<p>Etchojoa, Sonora; 12 de julio de 2025.-\u00a0Con el objetivo de fortalecer la excelencia educativa desde una perspectiva intercultural, la Universidad Tecnol\u00f3gica de Etchojoa (UTE) y la Direcci\u00f3n de Educaci\u00f3n Intercultural realizaron el Taller de Diagn\u00f3stico con autoridades tradicionales e integrantes del pueblo yoreme-mayo. La actividad forma parte de los esfuerzos del Gobierno de Sonora, a [&hellip;]<\/p>\n","protected":false},"author":2,"featured_media":224196,"comment_status":"closed","ping_status":"closed","sticky":false,"template":"","format":"standard","meta":{"footnotes":""},"categories":[12870,174],"tags":[12865,12873],"class_list":["post-224195","post","type-post","status-publish","format-standard","has-post-thumbnail","hentry","category-destacadas","category-estatal","tag-destacadas","tag-estatal"],"jetpack_featured_media_url":"https:\/\/rnoticias.com.mx\/Portal\/wp-content\/uploads\/2025\/07\/unnamed-2-9.jpg","amp_enabled":true,"_links":{"self":[{"href":"https:\/\/rnoticias.com.mx\/Portal\/wp-json\/wp\/v2\/posts\/224195","targetHints":{"allow":["GET"]}}],"collection":[{"href":"https:\/\/rnoticias.com.mx\/Portal\/wp-json\/wp\/v2\/posts"}],"about":[{"href":"https:\/\/rnoticias.com.mx\/Portal\/wp-json\/wp\/v2\/types\/post"}],"author":[{"embeddable":true,"href":"https:\/\/rnoticias.com.mx\/Portal\/wp-json\/wp\/v2\/users\/2"}],"replies":[{"embeddable":true,"href":"https:\/\/rnoticias.com.mx\/Portal\/wp-json\/wp\/v2\/comments?post=224195"}],"version-history":[{"count":1,"href":"https:\/\/rnoticias.com.mx\/Portal\/wp-json\/wp\/v2\/posts\/224195\/revisions"}],"predecessor-version":[{"id":224197,"href":"https:\/\/rnoticias.com.mx\/Portal\/wp-json\/wp\/v2\/posts\/224195\/revisions\/224197"}],"wp:featuredmedia":[{"embeddable":true,"href":"https:\/\/rnoticias.com.mx\/Portal\/wp-json\/wp\/v2\/media\/224196"}],"wp:attachment":[{"href":"https:\/\/rnoticias.com.mx\/Portal\/wp-json\/wp\/v2\/media?parent=224195"}],"wp:term":[{"taxonomy":"category","embeddable":true,"href":"https:\/\/rnoticias.com.mx\/Portal\/wp-json\/wp\/v2\/categories?post=224195"},{"taxonomy":"post_tag","embeddable":true,"href":"https:\/\/rnoticias.com.mx\/Portal\/wp-json\/wp\/v2\/tags?post=224195"}],"curies":[{"name":"wp","href":"https:\/\/api.w.org\/{rel}","templated":true}]}}