{"id":224147,"date":"2025-07-11T20:36:06","date_gmt":"2025-07-12T03:36:06","guid":{"rendered":"https:\/\/rnoticias.com.mx\/Portal\/?p=224147"},"modified":"2025-07-11T20:36:06","modified_gmt":"2025-07-12T03:36:06","slug":"aldo-de-nigris-se-suma-como-el-quinto-habitante-confirmado-de-lcdlfm3","status":"publish","type":"post","link":"https:\/\/rnoticias.com.mx\/Portal\/2025\/07\/11\/aldo-de-nigris-se-suma-como-el-quinto-habitante-confirmado-de-lcdlfm3\/","title":{"rendered":"Aldo de Nigris se suma como el quinto habitante confirmado de LCDLFM3"},"content":{"rendered":"<p><strong>Un nuevo famoso se integra a la tercera edici\u00f3n de La Casa de los Famosos M\u00e9xico 3,<\/strong>\u00a0y \u00e9l es nada m\u00e1s ni nada menos que\u00a0<strong>Aldo de Nigris de 25 a\u00f1os<\/strong>. Probablemente pienses en Aldo de Nigris el exfutbolista, delantero de los Rayados de Monterrey, pero no,\u00a0<strong>estamos hablando de sobrino; tambi\u00e9n quiz\u00e1 te recuerde a Poncho de Nigris,\u00a0<\/strong>participante de la primera edici\u00f3n de este reality, y es que Aldo es sobrino de Poncho, por lo que quiz\u00e1 tenga un poco de ventaja en esta temporada.<\/p>\n<p>Con una carrera como futbolista en las divisiones juveniles y en la Liga Premier del Club de F\u00fatbol Monterrey (Rayados). Sin embargo, Aldo tambi\u00e9n se ha destacado en el mundo de los reflectores, ya que en 2021 particip\u00f3 en el reality show \u201cGuerreros\u201d de Televisa.<strong>\u00a0Adem\u00e1s de que se destaca como influencer en el mundo fitness y bienestar personal, ya que comparte rutinas de ejercicio y su estilo de vida saludable en sus redes de TikTok e Instagram.\u00a0<\/strong><\/p>\n<p>Actualmente, Aldo se encuentra trabajando en distintos proyectos personales, como el programa digital<strong>\u00a0\u201cM\u00e1s all\u00e1 del fierro\u201d<\/strong>\u00a0el cu\u00e1l se encuentra disponible en la plataforma de YouTube. En el programa expresa su opini\u00f3n y realiza entrevistas a distintas personalidades.<\/p>\n<p>Fuente: El Universal<\/p>\n","protected":false},"excerpt":{"rendered":"<p>Un nuevo famoso se integra a la tercera edici\u00f3n de La Casa de los Famosos M\u00e9xico 3,\u00a0y \u00e9l es nada m\u00e1s ni nada menos que\u00a0Aldo de Nigris de 25 a\u00f1os. Probablemente pienses en Aldo de Nigris el exfutbolista, delantero de los Rayados de Monterrey, pero no,\u00a0estamos hablando de sobrino; tambi\u00e9n quiz\u00e1 te recuerde a Poncho [&hellip;]<\/p>\n","protected":false},"author":2,"featured_media":224148,"comment_status":"closed","ping_status":"closed","sticky":false,"template":"","format":"standard","meta":{"footnotes":""},"categories":[12870,219],"tags":[12865,12875],"class_list":["post-224147","post","type-post","status-publish","format-standard","has-post-thumbnail","hentry","category-destacadas","category-espectaculos","tag-destacadas","tag-espectaculos"],"jetpack_featured_media_url":"https:\/\/rnoticias.com.mx\/Portal\/wp-content\/uploads\/2025\/07\/f1280x720-306190_437865_5625.webp","amp_enabled":true,"_links":{"self":[{"href":"https:\/\/rnoticias.com.mx\/Portal\/wp-json\/wp\/v2\/posts\/224147","targetHints":{"allow":["GET"]}}],"collection":[{"href":"https:\/\/rnoticias.com.mx\/Portal\/wp-json\/wp\/v2\/posts"}],"about":[{"href":"https:\/\/rnoticias.com.mx\/Portal\/wp-json\/wp\/v2\/types\/post"}],"author":[{"embeddable":true,"href":"https:\/\/rnoticias.com.mx\/Portal\/wp-json\/wp\/v2\/users\/2"}],"replies":[{"embeddable":true,"href":"https:\/\/rnoticias.com.mx\/Portal\/wp-json\/wp\/v2\/comments?post=224147"}],"version-history":[{"count":1,"href":"https:\/\/rnoticias.com.mx\/Portal\/wp-json\/wp\/v2\/posts\/224147\/revisions"}],"predecessor-version":[{"id":224149,"href":"https:\/\/rnoticias.com.mx\/Portal\/wp-json\/wp\/v2\/posts\/224147\/revisions\/224149"}],"wp:featuredmedia":[{"embeddable":true,"href":"https:\/\/rnoticias.com.mx\/Portal\/wp-json\/wp\/v2\/media\/224148"}],"wp:attachment":[{"href":"https:\/\/rnoticias.com.mx\/Portal\/wp-json\/wp\/v2\/media?parent=224147"}],"wp:term":[{"taxonomy":"category","embeddable":true,"href":"https:\/\/rnoticias.com.mx\/Portal\/wp-json\/wp\/v2\/categories?post=224147"},{"taxonomy":"post_tag","embeddable":true,"href":"https:\/\/rnoticias.com.mx\/Portal\/wp-json\/wp\/v2\/tags?post=224147"}],"curies":[{"name":"wp","href":"https:\/\/api.w.org\/{rel}","templated":true}]}}