{"id":224106,"date":"2025-07-11T14:13:50","date_gmt":"2025-07-11T21:13:50","guid":{"rendered":"https:\/\/rnoticias.com.mx\/Portal\/?p=224106"},"modified":"2025-07-11T14:13:50","modified_gmt":"2025-07-11T21:13:50","slug":"ovidio-guzman-se-declara-culpable","status":"publish","type":"post","link":"https:\/\/rnoticias.com.mx\/Portal\/2025\/07\/11\/ovidio-guzman-se-declara-culpable\/","title":{"rendered":"Ovidio Guzm\u00e1n se declara culpable"},"content":{"rendered":"<p class=\"c-paragraph\"><b>Ovidio Guzm\u00e1n L\u00f3pez<\/b>, hijo de\u00a0<a title=\"https:\/\/www.elfinanciero.com.mx\/nacional\/2025\/07\/10\/joaquin-guzman-lopez-se-salva-por-ahora-retrasan-dos-meses-su-audiencia-cuando-comparecera\/\" href=\"https:\/\/www.elfinanciero.com.mx\/nacional\/2025\/07\/10\/joaquin-guzman-lopez-se-salva-por-ahora-retrasan-dos-meses-su-audiencia-cuando-comparecera\/\" target=\"_self\" rel=\"\">Joaqu\u00edn \u201cEl Chapo\u201d Guzm\u00e1n<\/a>\u00a0y l\u00edder del\u00a0<a title=\"https:\/\/www.elfinanciero.com.mx\/nacional\/2025\/05\/16\/cartel-de-sinaloa-vs-cjng-quien-gana-la-batalla-por-el-dominio-del-territorio-en-mexico\/\" href=\"https:\/\/www.elfinanciero.com.mx\/nacional\/2025\/05\/16\/cartel-de-sinaloa-vs-cjng-quien-gana-la-batalla-por-el-dominio-del-territorio-en-mexico\/\" target=\"_self\" rel=\"\">C\u00e1rtel de Sinaloa<\/a>, se declar\u00f3 culpable de los delitos de<b>\u00a0<\/b><a title=\"https:\/\/www.elfinanciero.com.mx\/nacional\/2025\/07\/08\/ovidio-guzman-entonara-el-mea-culpa-en-chicago-de-que-delitos-se-declarara-culpable-este-miercoles\/\" href=\"https:\/\/www.elfinanciero.com.mx\/nacional\/2025\/07\/08\/ovidio-guzman-entonara-el-mea-culpa-en-chicago-de-que-delitos-se-declarara-culpable-este-miercoles\/\" target=\"_self\" rel=\"\">narcotr\u00e1fico, lavado de dinero y portaci\u00f3n de armas<\/a>.<\/p>\n<p class=\"c-paragraph\">El l\u00edder de \u2018Los Chapitos\u2019, que decidi\u00f3 colaborar con las autoridades de EU, no se enfrentar\u00e1 a ning\u00fan juicio y podr\u00eda ver\u00a0<b>reducida su condena<\/b>, la cual pasar\u00eda de cadena perpetua a un\u00a0<b>m\u00ednimo de 10 a\u00f1os de prisi\u00f3n<\/b>.<\/p>\n<div id=\"arcad-feature-f0ffmTzFzpuU8mf-184559112740d\" class=\"c-stack b-ads-block\" data-style-direction=\"vertical\" data-style-justification=\"start\" data-style-alignment=\"center\" data-style-inline=\"false\" data-style-wrap=\"nowrap\">\n<div class=\"ad_1x1\" data-testid=\"ad-block-unit-wrapper\"><\/div>\n<\/div>\n<article class=\"container-fluid inline-promo border border_solid border_top color_black_1\">\n<div class=\"inline-promo-wrapper inline-promo-image\"><\/div>\n<\/article>\n<hr \/>\n<h2 class=\"b-article-body__h2\">Ovidio Guzm\u00e1n, culpable: \u00bfY ahora qu\u00e9?<\/h2>\n<p class=\"c-paragraph\">A cambio de la aceptaci\u00f3n de culpabilidad de varios delitos ligados al narcotr\u00e1fico,\u00a0<b>Ovidio Guzm\u00e1n evitar\u00e1 someterse a un juicio<\/b>\u00a0como el que en 2019 llev\u00f3 a su padre, \u201cEl Chapo\u201d Guzm\u00e1n a la cadena perpetua.<\/p>\n<p class=\"c-paragraph\">A partir de este 11 de julio, Estados Unidos podr\u00eda ingresar a Ovidio a un\u00a0<a title=\"https:\/\/www.elfinanciero.com.mx\/nacional\/2025\/02\/27\/los-chapitos-cerca-de-acuerdo-con-eu-que-narcos-mexicanos-son-testigos-protegidos\/\" href=\"https:\/\/www.elfinanciero.com.mx\/nacional\/2025\/02\/27\/los-chapitos-cerca-de-acuerdo-con-eu-que-narcos-mexicanos-son-testigos-protegidos\/\" target=\"_self\" rel=\"\">programa de protecci\u00f3n de testigos<\/a><b>\u00a0<\/b>y<b>\u00a0<\/b>utilizarlo para declarar en la Corte o usar su informaci\u00f3n de manera legal.<\/p>\n<p class=\"c-paragraph\">En EU, en algunos casos, el programa de testigo colaborador incluye la entrega de una residencia, la ciudadan\u00eda estadounidense y el cambio de identidad.<\/p>\n<p class=\"c-paragraph\">Tras su extradici\u00f3n, varios medios informaron que\u00a0<b>Ovidio habr\u00eda pactado con Estados Unidos su inmunidad y la de sus familiares<\/b>\u00a0a cambio de informaci\u00f3n del C\u00e1rtel de Sinaloa, actualmente divido entre las facciones de\u00a0<a title=\"https:\/\/www.elfinanciero.com.mx\/nacional\/2025\/05\/12\/tras-los-pasos-de-ivan-archivaldo-guzman-que-hallaron-en-el-escondite-del-hijo-del-chapo\/\" href=\"https:\/\/www.elfinanciero.com.mx\/nacional\/2025\/05\/12\/tras-los-pasos-de-ivan-archivaldo-guzman-que-hallaron-en-el-escondite-del-hijo-del-chapo\/\" target=\"_self\" rel=\"\">Iv\u00e1n Archivaldo Guzm\u00e1n<\/a>\u00a0y de Ismael Sicairos, alias \u201c<a title=\"https:\/\/www.elfinanciero.com.mx\/nacional\/2024\/10\/25\/quien-es-el-mayito-flaco-hijo-de-ismael-zambada-quien-habria-amenazado-al-gobernador-de-sinaloa\/\" href=\"https:\/\/www.elfinanciero.com.mx\/nacional\/2024\/10\/25\/quien-es-el-mayito-flaco-hijo-de-ismael-zambada-quien-habria-amenazado-al-gobernador-de-sinaloa\/\" target=\"_blank\" rel=\"noopener\">El Mayito Flaco<\/a>\u201d.<\/p>\n<article class=\"container-fluid inline-promo border border_solid border_top color_black_1\">\n<div class=\"inline-promo-wrapper inline-promo-image\">\n<h2 class=\"inline-promo-headline-text font_primary display_inline-block font_medium\">EU se prepara para la audiencia de Los Chapitos: \u00bfQu\u00e9 podemos esperar?<\/h2>\n<\/div>\n<\/article>\n<hr \/>\n<p class=\"c-paragraph\">Los procedimientos preliminares a la audiencia de culpabilidad, han estado plagados de negociaciones, y maniobras de los abogados del capo con la fiscal\u00eda de EU. Actualmente,\u00a0<b>el hijo menor del Chapo se encuentra recluido en una prisi\u00f3n federal de Chicago, EU<\/b>.<\/p>\n<h2 class=\"b-article-body__h2\">\u00bfCu\u00e1ndo dictar\u00e1n la sentencia de Ovidio Guzm\u00e1n?<\/h2>\n<p class=\"c-paragraph\">Tras la audiencia de este 11 de julio, \u201c<a title=\"https:\/\/www.elfinanciero.com.mx\/nacional\/2025\/07\/09\/ovidio-guzman-la-historia-del-apodo-el-raton\/\" href=\"https:\/\/www.elfinanciero.com.mx\/nacional\/2025\/07\/09\/ovidio-guzman-la-historia-del-apodo-el-raton\/\" target=\"_blank\" rel=\"noopener\">El Rat\u00f3n<\/a>\u201d, conocido as\u00ed por sus orejas grandes, debe esperar seis meses para conocer cu\u00e1ntos a\u00f1os pasar\u00e1 en la c\u00e1rcel.<\/p>\n<p class=\"c-paragraph\">De acuerdo con la resoluci\u00f3n de la jueza Sharon Coleman, la sentencia de Ovidio Guzm\u00e1n ser\u00e1 despu\u00e9s del D\u00eda de Reyes 2026 y est\u00e1 programada para el 11 de enero pr\u00f3ximo.<\/p>\n<p class=\"c-paragraph\">Adem\u00e1s,\u00a0<b>Ovidio Guzm\u00e1n se comprometi\u00f3 a pagar 80 millones de d\u00f3lares<\/b>, unos mil 600 millones de pesos al tipo de cambio actual, al Gobierno de EU como parte del acuerdo.<\/p>\n<p class=\"c-paragraph\">Como parte de la audiencia de este 11 de julio, el\u00a0<a title=\"https:\/\/www.elfinanciero.com.mx\/nacional\/2025\/07\/02\/ovidio-guzman-aun-no-la-libra-por-que-el-hijo-del-chapo-sera-acusado-en-chicago-y-no-en-ny\/\" href=\"https:\/\/www.elfinanciero.com.mx\/nacional\/2025\/07\/02\/ovidio-guzman-aun-no-la-libra-por-que-el-hijo-del-chapo-sera-acusado-en-chicago-y-no-en-ny\/\" target=\"_blank\" rel=\"noopener\">hijo del \u2018Chapo\u2019 Guzm\u00e1n<\/a>\u00a0confes\u00f3 que padece depresi\u00f3n y que toma medicamentos para ese padecimiento. Ante la pregunta expresa de la jueza si su tratamiento m\u00e9dico afecta su juicio, Guzm\u00e1n L\u00f3pez asegur\u00f3 que no y que su decisi\u00f3n de declararse culpable fue libre, previa asesor\u00eda de su abogado.<\/p>\n<p>&nbsp;<\/p>\n<p>El Financiero<\/p>\n","protected":false},"excerpt":{"rendered":"<p>Ovidio Guzm\u00e1n L\u00f3pez, hijo de\u00a0Joaqu\u00edn \u201cEl Chapo\u201d Guzm\u00e1n\u00a0y l\u00edder del\u00a0C\u00e1rtel de Sinaloa, se declar\u00f3 culpable de los delitos de\u00a0narcotr\u00e1fico, lavado de dinero y portaci\u00f3n de armas. El l\u00edder de \u2018Los Chapitos\u2019, que decidi\u00f3 colaborar con las autoridades de EU, no se enfrentar\u00e1 a ning\u00fan juicio y podr\u00eda ver\u00a0reducida su condena, la cual pasar\u00eda de cadena [&hellip;]<\/p>\n","protected":false},"author":2,"featured_media":224107,"comment_status":"closed","ping_status":"closed","sticky":false,"template":"","format":"standard","meta":{"footnotes":""},"categories":[12870,182],"tags":[12865,12871],"class_list":["post-224106","post","type-post","status-publish","format-standard","has-post-thumbnail","hentry","category-destacadas","category-internacional","tag-destacadas","tag-internacional"],"jetpack_featured_media_url":"https:\/\/rnoticias.com.mx\/Portal\/wp-content\/uploads\/2025\/07\/quien-es-ovidio-guzman-hijo-el-chapo-sinalo.webp","amp_enabled":true,"_links":{"self":[{"href":"https:\/\/rnoticias.com.mx\/Portal\/wp-json\/wp\/v2\/posts\/224106","targetHints":{"allow":["GET"]}}],"collection":[{"href":"https:\/\/rnoticias.com.mx\/Portal\/wp-json\/wp\/v2\/posts"}],"about":[{"href":"https:\/\/rnoticias.com.mx\/Portal\/wp-json\/wp\/v2\/types\/post"}],"author":[{"embeddable":true,"href":"https:\/\/rnoticias.com.mx\/Portal\/wp-json\/wp\/v2\/users\/2"}],"replies":[{"embeddable":true,"href":"https:\/\/rnoticias.com.mx\/Portal\/wp-json\/wp\/v2\/comments?post=224106"}],"version-history":[{"count":1,"href":"https:\/\/rnoticias.com.mx\/Portal\/wp-json\/wp\/v2\/posts\/224106\/revisions"}],"predecessor-version":[{"id":224108,"href":"https:\/\/rnoticias.com.mx\/Portal\/wp-json\/wp\/v2\/posts\/224106\/revisions\/224108"}],"wp:featuredmedia":[{"embeddable":true,"href":"https:\/\/rnoticias.com.mx\/Portal\/wp-json\/wp\/v2\/media\/224107"}],"wp:attachment":[{"href":"https:\/\/rnoticias.com.mx\/Portal\/wp-json\/wp\/v2\/media?parent=224106"}],"wp:term":[{"taxonomy":"category","embeddable":true,"href":"https:\/\/rnoticias.com.mx\/Portal\/wp-json\/wp\/v2\/categories?post=224106"},{"taxonomy":"post_tag","embeddable":true,"href":"https:\/\/rnoticias.com.mx\/Portal\/wp-json\/wp\/v2\/tags?post=224106"}],"curies":[{"name":"wp","href":"https:\/\/api.w.org\/{rel}","templated":true}]}}