{"id":224103,"date":"2025-07-11T13:20:45","date_gmt":"2025-07-11T20:20:45","guid":{"rendered":"https:\/\/rnoticias.com.mx\/Portal\/?p=224103"},"modified":"2025-07-11T13:20:45","modified_gmt":"2025-07-11T20:20:45","slug":"dia-internacional-de-the-beatles-una-fecha-para-celebrar-su-legado-cultural-y-musical","status":"publish","type":"post","link":"https:\/\/rnoticias.com.mx\/Portal\/2025\/07\/11\/dia-internacional-de-the-beatles-una-fecha-para-celebrar-su-legado-cultural-y-musical\/","title":{"rendered":"D\u00eda Internacional de The Beatles, una fecha para celebrar su legado cultural y musical"},"content":{"rendered":"<p>Cada<strong>\u00a010 de julio, millones de fan\u00e1ticos alrededor del mundo celebran el D\u00eda Internacional de The Beatles,<\/strong>\u00a0una fecha simb\u00f3lica que conmemora no solo su m\u00fasica, sino el impacto cultural y social que marc\u00f3 a varias generaciones. Considerados la banda m\u00e1s influyente del siglo XX, The Beatles trascendieron como artistas y se convirtieron en un fen\u00f3meno global gracias a su creatividad, letras progresistas y un estilo que rompi\u00f3 esquemas.<\/p>\n<p>La elecci\u00f3n del 10 de julio tiene una raz\u00f3n especial: en 1964, tras una exitosa gira por Estados Unidos y el estreno de su primera pel\u00edcula A Hard Day\u2019s Night,\u00a0<strong>John Lennon, Paul McCartney, George Harrison y Ringo Starr<\/strong>\u00a0regresaron a Liverpool, donde miles de personas los recibieron como verdaderos h\u00e9roes. Aquel d\u00eda, su fama dej\u00f3 de ser solamente musical para convertirse en un fen\u00f3meno cultural que representaba el esp\u00edritu de toda una generaci\u00f3n.<\/p>\n<p>Adem\u00e1s de esta efem\u00e9ride, los fans tambi\u00e9n recuerdan otras fechas importantes como el 10 de enero, cuando comenzaron a tocar en The Cavern Club en 1961, y\u00a0<strong>el 6 de julio, d\u00eda en que John Lennon y Paul McCartney se conocieron, dando inicio a una de las colaboraciones m\u00e1s ic\u00f3nicas de la historia de la m\u00fasica.<\/strong><\/p>\n<p>Con m\u00e1s de 600 millones de discos vendidos, nueve premios Grammy, un Oscar por Let it Be, y su inclusi\u00f3n en el Sal\u00f3n de la Fama del Rock and Roll,<strong>\u00a0The Beatles siguen siendo parte esencial del imaginario colectivo. Hoy, su legado contin\u00faa vigente, con nuevas generaciones redescubriendo su m\u00fasica y manteniendo vivo el esp\u00edritu de la banda que cambi\u00f3 el rumbo de la historia musical.<\/strong><\/p>\n<p>Fuente: El Universal<\/p>\n","protected":false},"excerpt":{"rendered":"<p>Cada\u00a010 de julio, millones de fan\u00e1ticos alrededor del mundo celebran el D\u00eda Internacional de The Beatles,\u00a0una fecha simb\u00f3lica que conmemora no solo su m\u00fasica, sino el impacto cultural y social que marc\u00f3 a varias generaciones. Considerados la banda m\u00e1s influyente del siglo XX, The Beatles trascendieron como artistas y se convirtieron en un fen\u00f3meno global [&hellip;]<\/p>\n","protected":false},"author":2,"featured_media":224104,"comment_status":"closed","ping_status":"closed","sticky":false,"template":"","format":"standard","meta":{"footnotes":""},"categories":[12870,219],"tags":[12865,12875],"class_list":["post-224103","post","type-post","status-publish","format-standard","has-post-thumbnail","hentry","category-destacadas","category-espectaculos","tag-destacadas","tag-espectaculos"],"jetpack_featured_media_url":"https:\/\/rnoticias.com.mx\/Portal\/wp-content\/uploads\/2025\/07\/dia-internacional-de-los-beatles.webp","amp_enabled":true,"_links":{"self":[{"href":"https:\/\/rnoticias.com.mx\/Portal\/wp-json\/wp\/v2\/posts\/224103","targetHints":{"allow":["GET"]}}],"collection":[{"href":"https:\/\/rnoticias.com.mx\/Portal\/wp-json\/wp\/v2\/posts"}],"about":[{"href":"https:\/\/rnoticias.com.mx\/Portal\/wp-json\/wp\/v2\/types\/post"}],"author":[{"embeddable":true,"href":"https:\/\/rnoticias.com.mx\/Portal\/wp-json\/wp\/v2\/users\/2"}],"replies":[{"embeddable":true,"href":"https:\/\/rnoticias.com.mx\/Portal\/wp-json\/wp\/v2\/comments?post=224103"}],"version-history":[{"count":1,"href":"https:\/\/rnoticias.com.mx\/Portal\/wp-json\/wp\/v2\/posts\/224103\/revisions"}],"predecessor-version":[{"id":224105,"href":"https:\/\/rnoticias.com.mx\/Portal\/wp-json\/wp\/v2\/posts\/224103\/revisions\/224105"}],"wp:featuredmedia":[{"embeddable":true,"href":"https:\/\/rnoticias.com.mx\/Portal\/wp-json\/wp\/v2\/media\/224104"}],"wp:attachment":[{"href":"https:\/\/rnoticias.com.mx\/Portal\/wp-json\/wp\/v2\/media?parent=224103"}],"wp:term":[{"taxonomy":"category","embeddable":true,"href":"https:\/\/rnoticias.com.mx\/Portal\/wp-json\/wp\/v2\/categories?post=224103"},{"taxonomy":"post_tag","embeddable":true,"href":"https:\/\/rnoticias.com.mx\/Portal\/wp-json\/wp\/v2\/tags?post=224103"}],"curies":[{"name":"wp","href":"https:\/\/api.w.org\/{rel}","templated":true}]}}