{"id":224097,"date":"2025-07-11T12:51:36","date_gmt":"2025-07-11T19:51:36","guid":{"rendered":"https:\/\/rnoticias.com.mx\/Portal\/?p=224097"},"modified":"2025-07-11T12:51:36","modified_gmt":"2025-07-11T19:51:36","slug":"este-viernes-hay-jornada-de-descuentos-en-puerta-real-para-usuarios-de-agua-de-hermosillo","status":"publish","type":"post","link":"https:\/\/rnoticias.com.mx\/Portal\/2025\/07\/11\/este-viernes-hay-jornada-de-descuentos-en-puerta-real-para-usuarios-de-agua-de-hermosillo\/","title":{"rendered":"Este viernes hay Jornada de Descuentos en Puerta Real para usuarios de Agua de Hermosillo"},"content":{"rendered":"<p>Hermosillo, Sonora; 10 de julio de 2025.\u2013 Agua de Hermosillo llevar\u00e1 a cabo una jornada de regularizaci\u00f3n este viernes 11 de julio en la S\u00e9ptima Etapa de la colonia Puerta Real, Secci\u00f3n Dorada, espec\u00edficamente en el parque Puerta de Triana, en un horario de 09:00 a 13:00 horas.<\/p>\n<p>Durante esta jornada, los usuarios de tarifa dom\u00e9stica podr\u00e1n acceder a descuentos del 20 % al 60 % en adeudos por consumo y un 100 % de descuento en recargos. En el caso de los comercios, los descuentos aplicables ser\u00e1n del 30 % al 50 % en adeudos por consumo.<\/p>\n<p>Adem\u00e1s, se instalar\u00e1 un m\u00f3dulo informativo sobre la Tarifa Social, donde se brindar\u00e1 atenci\u00f3n y apoyo a personas en situaci\u00f3n de vulnerabilidad.<\/p>\n<p>Los asistentes tambi\u00e9n podr\u00e1n solicitar la instalaci\u00f3n de medidores y recibir\u00e1n orientaci\u00f3n sobre las especificaciones necesarias que debe tener el cuadro o columpio para su colocaci\u00f3n.<\/p>\n<p>Agua de Hermosillo invita a los usuarios a visitar su p\u00e1gina oficial www.aguahermosillo.gob.mx, donde pueden realizar pagos en l\u00ednea y conocer a detalle los programas y beneficios que ofrece el organismo.<\/p>\n","protected":false},"excerpt":{"rendered":"<p>Hermosillo, Sonora; 10 de julio de 2025.\u2013 Agua de Hermosillo llevar\u00e1 a cabo una jornada de regularizaci\u00f3n este viernes 11 de julio en la S\u00e9ptima Etapa de la colonia Puerta Real, Secci\u00f3n Dorada, espec\u00edficamente en el parque Puerta de Triana, en un horario de 09:00 a 13:00 horas. Durante esta jornada, los usuarios de tarifa [&hellip;]<\/p>\n","protected":false},"author":2,"featured_media":224098,"comment_status":"closed","ping_status":"closed","sticky":false,"template":"","format":"standard","meta":{"footnotes":""},"categories":[12870,178],"tags":[12865,12869],"class_list":["post-224097","post","type-post","status-publish","format-standard","has-post-thumbnail","hentry","category-destacadas","category-local","tag-destacadas","tag-local"],"jetpack_featured_media_url":"https:\/\/rnoticias.com.mx\/Portal\/wp-content\/uploads\/2025\/07\/f9d53a72-da3b-4020-accb-af76b2a96b67.jpg","amp_enabled":true,"_links":{"self":[{"href":"https:\/\/rnoticias.com.mx\/Portal\/wp-json\/wp\/v2\/posts\/224097","targetHints":{"allow":["GET"]}}],"collection":[{"href":"https:\/\/rnoticias.com.mx\/Portal\/wp-json\/wp\/v2\/posts"}],"about":[{"href":"https:\/\/rnoticias.com.mx\/Portal\/wp-json\/wp\/v2\/types\/post"}],"author":[{"embeddable":true,"href":"https:\/\/rnoticias.com.mx\/Portal\/wp-json\/wp\/v2\/users\/2"}],"replies":[{"embeddable":true,"href":"https:\/\/rnoticias.com.mx\/Portal\/wp-json\/wp\/v2\/comments?post=224097"}],"version-history":[{"count":1,"href":"https:\/\/rnoticias.com.mx\/Portal\/wp-json\/wp\/v2\/posts\/224097\/revisions"}],"predecessor-version":[{"id":224099,"href":"https:\/\/rnoticias.com.mx\/Portal\/wp-json\/wp\/v2\/posts\/224097\/revisions\/224099"}],"wp:featuredmedia":[{"embeddable":true,"href":"https:\/\/rnoticias.com.mx\/Portal\/wp-json\/wp\/v2\/media\/224098"}],"wp:attachment":[{"href":"https:\/\/rnoticias.com.mx\/Portal\/wp-json\/wp\/v2\/media?parent=224097"}],"wp:term":[{"taxonomy":"category","embeddable":true,"href":"https:\/\/rnoticias.com.mx\/Portal\/wp-json\/wp\/v2\/categories?post=224097"},{"taxonomy":"post_tag","embeddable":true,"href":"https:\/\/rnoticias.com.mx\/Portal\/wp-json\/wp\/v2\/tags?post=224097"}],"curies":[{"name":"wp","href":"https:\/\/api.w.org\/{rel}","templated":true}]}}