{"id":224094,"date":"2025-07-11T12:50:49","date_gmt":"2025-07-11T19:50:49","guid":{"rendered":"https:\/\/rnoticias.com.mx\/Portal\/?p=224094"},"modified":"2025-07-11T12:50:49","modified_gmt":"2025-07-11T19:50:49","slug":"inicia-imca-campamento-de-verano-creativo-2025","status":"publish","type":"post","link":"https:\/\/rnoticias.com.mx\/Portal\/2025\/07\/11\/inicia-imca-campamento-de-verano-creativo-2025\/","title":{"rendered":"Inicia IMCA Campamento de Verano CREATIVO 2025"},"content":{"rendered":"<p>Hermosillo, Sonora; 10 de julio de 2025.\u2013 Con entusiasmo y mucha creatividad, ni\u00f1as y ni\u00f1os iniciaron el Campamento de Verano 2025 que organiza el Ayuntamiento de Hermosillo a trav\u00e9s del Instituto Municipal de Cultura y Arte (IMCA).<\/p>\n<p>Fue en la Biblioteca P\u00fablica Municipal La Malinche, de la colonia Cuauht\u00e9moc, donde iniciaron las actividades del Grupo 1 con la participaci\u00f3n de 23 ni\u00f1as y ni\u00f1os, quienes disfrutaron del \u201cTaller Creciendo con ritmo\u201d, impartido por Jos\u00e9 Adri\u00e1n Jim\u00e9nez, y el \u201cTaller de Arte y creatividad\u201d, a cargo de Andrea Ancheta, donde aprendieron la t\u00e9cnica del puntillismo.<\/p>\n<p>\u201cLes compartir\u00e9 a ni\u00f1as y ni\u00f1os este taller de t\u00e9cnica en puntillismo, que consiste en pintar un dibujo a base de peque\u00f1os puntos. El principal beneficio de esta actividad es que desarrollen su motricidad fina, al usar un hisopo para realizar los puntos, adem\u00e1s de fomentar su creatividad, ya que tienen total libertad para elegir colores y formas\u201d, explic\u00f3 la instructora Andrea Ancheta.<\/p>\n<p>Este grupo realizar\u00e1 actividades del 7 al 11 de julio, en un programa que incluye din\u00e1micas como reciclaje, collage, t\u00edteres de papel, lectura de cuentos, entre otras propuestas que fomentan el desarrollo art\u00edstico y la imaginaci\u00f3n.<\/p>\n<p>Sobre el Campamento de Verano, Marianna Gonz\u00e1lez Gast\u00e9lum, directora general del Instituto Municipal de Cultura y Arte (IMCA), coment\u00f3 \u201cHemos preparado una serie de talleres creativos de artes visuales, m\u00fasica, literatura y expresi\u00f3n art\u00edstica con el objetivo de impulsar programas para las infancias. Es nuestro deber garantizar el libre acceso a la cultura y a la educaci\u00f3n art\u00edstica con el objetivo de seguir formando ni\u00f1as y ni\u00f1os sensibles que puedan expresarse y participar en la vida cultural de su entorno\u201d.<\/p>\n<p>El Campamento de Verano 2025 del IMCA se extender\u00e1 hasta el 22 de agosto con los grupos 2 y 3, con talleres de pintura, literatura, expresi\u00f3n art\u00edstica, m\u00fasica y danza, para brindar divertidas opciones de aprendizaje a la ni\u00f1ez hermosillense.<\/p>\n<p>Detalles<br \/>\nEl programa completo se encuentra en las redes sociales del IMCA y del Ayuntamiento de Hermosillo.<\/p>\n","protected":false},"excerpt":{"rendered":"<p>Hermosillo, Sonora; 10 de julio de 2025.\u2013 Con entusiasmo y mucha creatividad, ni\u00f1as y ni\u00f1os iniciaron el Campamento de Verano 2025 que organiza el Ayuntamiento de Hermosillo a trav\u00e9s del Instituto Municipal de Cultura y Arte (IMCA). Fue en la Biblioteca P\u00fablica Municipal La Malinche, de la colonia Cuauht\u00e9moc, donde iniciaron las actividades del Grupo [&hellip;]<\/p>\n","protected":false},"author":2,"featured_media":224095,"comment_status":"closed","ping_status":"closed","sticky":false,"template":"","format":"standard","meta":{"footnotes":""},"categories":[12870,178],"tags":[12865,12869],"class_list":["post-224094","post","type-post","status-publish","format-standard","has-post-thumbnail","hentry","category-destacadas","category-local","tag-destacadas","tag-local"],"jetpack_featured_media_url":"https:\/\/rnoticias.com.mx\/Portal\/wp-content\/uploads\/2025\/07\/38575acb-48d2-4257-9897-eb2d072eb90d.jpg","amp_enabled":true,"_links":{"self":[{"href":"https:\/\/rnoticias.com.mx\/Portal\/wp-json\/wp\/v2\/posts\/224094","targetHints":{"allow":["GET"]}}],"collection":[{"href":"https:\/\/rnoticias.com.mx\/Portal\/wp-json\/wp\/v2\/posts"}],"about":[{"href":"https:\/\/rnoticias.com.mx\/Portal\/wp-json\/wp\/v2\/types\/post"}],"author":[{"embeddable":true,"href":"https:\/\/rnoticias.com.mx\/Portal\/wp-json\/wp\/v2\/users\/2"}],"replies":[{"embeddable":true,"href":"https:\/\/rnoticias.com.mx\/Portal\/wp-json\/wp\/v2\/comments?post=224094"}],"version-history":[{"count":1,"href":"https:\/\/rnoticias.com.mx\/Portal\/wp-json\/wp\/v2\/posts\/224094\/revisions"}],"predecessor-version":[{"id":224096,"href":"https:\/\/rnoticias.com.mx\/Portal\/wp-json\/wp\/v2\/posts\/224094\/revisions\/224096"}],"wp:featuredmedia":[{"embeddable":true,"href":"https:\/\/rnoticias.com.mx\/Portal\/wp-json\/wp\/v2\/media\/224095"}],"wp:attachment":[{"href":"https:\/\/rnoticias.com.mx\/Portal\/wp-json\/wp\/v2\/media?parent=224094"}],"wp:term":[{"taxonomy":"category","embeddable":true,"href":"https:\/\/rnoticias.com.mx\/Portal\/wp-json\/wp\/v2\/categories?post=224094"},{"taxonomy":"post_tag","embeddable":true,"href":"https:\/\/rnoticias.com.mx\/Portal\/wp-json\/wp\/v2\/tags?post=224094"}],"curies":[{"name":"wp","href":"https:\/\/api.w.org\/{rel}","templated":true}]}}