{"id":224085,"date":"2025-07-11T12:00:11","date_gmt":"2025-07-11T19:00:11","guid":{"rendered":"https:\/\/rnoticias.com.mx\/Portal\/?p=224085"},"modified":"2025-07-11T12:00:11","modified_gmt":"2025-07-11T19:00:11","slug":"suman-355-mexicanos-detenidos-en-redadas-y-67-mil-deportados-desde-llegada-de-trump","status":"publish","type":"post","link":"https:\/\/rnoticias.com.mx\/Portal\/2025\/07\/11\/suman-355-mexicanos-detenidos-en-redadas-y-67-mil-deportados-desde-llegada-de-trump\/","title":{"rendered":"Suman 355 mexicanos detenidos en redadas y 67 mil deportados desde llegada de Trump"},"content":{"rendered":"<p>La presidenta de M\u00e9xico,<strong>\u00a0Claudia Sheinbaum<\/strong>, asegur\u00f3 este viernes que al menos\u00a0<strong>355 migrantes mexicanos<\/strong>\u00a0han sido detenidos en distintas redadas contra migrantes en Estados Unidos y m\u00e1s de 67.000 han sido repatriados desde el pasado 20 de enero, cuando inici\u00f3 la Administraci\u00f3n de Donald Trump,<\/p>\n<p>&#8220;Son 355 personas detenidas mexicanas vinculadas directamente a las redadas&#8221;, inform\u00f3 la mandataria durante su conferencia de prensa matutina de este viernes.<\/p>\n<p>Precis\u00f3 que, tan solo el jueves, tras la<strong>\u00a0redada ocurrida en unos cultivos de California<\/strong>, el consulado mexicano recibi\u00f3 25 llamadas por parte de familiares que solicitaron ayuda para los detenidos, pero a\u00fan se est\u00e1 revisando la cifra total de detenidos.<\/p>\n<p>La reacci\u00f3n de Sheinbaum ocurre luego de que el jueves se reportara que\u00a0<strong>trabajadores mexicanos fueron detenidos<\/strong>\u00a0en redadas del Servicio de Inmigraci\u00f3n y Control de Aduanas (ICE, en ingl\u00e9s) en cultivos en California, espec\u00edficamente en el condado de Santa Barbara, en la zona de Carpinteria.<\/p>\n<p>La gobernante mexicana aprovech\u00f3 para condenar este tipo de acciones que\u00a0<strong>calific\u00f3 como &#8220;muy injustas&#8221;<\/strong>\u00a0porque, se\u00f1al\u00f3, &#8220;van a da\u00f1ar mucho la econom\u00eda de Estados Unidos&#8221;.<\/p>\n<p>Como en otras ocasiones, record\u00f3 que los\u00a0<strong>migrantes mexicanos y de otras nacionalidades<\/strong>, especialmente los latinos, son quienes &#8220;<strong>fortalecen la econom\u00eda de Estados Unidos<\/strong>, la han levantado&#8221;, y enfatiz\u00f3 que sin esa mano de obra los campos de California &#8220;y otros estados no van a producir&#8221;.<\/p>\n<p>Sheinbaum inform\u00f3 adem\u00e1s que el mismo jueves tom\u00f3 la decisi\u00f3n de ampliar los recursos para los consulados de M\u00e9xico y expres\u00f3 su &#8220;total apoyo&#8221; a todos los migrantes mexicanos.<\/p>\n<p>&#8220;Estamos ampliando los recursos, el presupuesto de los consulados, sobre todo para el apoyo jur\u00eddico, el apoyo legal que requieren todos nuestros hermanos y hermanas&#8221;, dijo.<\/p>\n<p>&nbsp;<\/p>\n<h2><strong>M\u00e1s de 67.000 repatriados<\/strong><\/h2>\n<p>La presidenta mexicana precis\u00f3 tambi\u00e9n que desde el pasado 20 de enero, cuando Donald Trump asumi\u00f3 su segundo mandato, un total de\u00a0<strong>73.533 personas han sido repatriadas, de las cuales 67.008 son mexicanos<\/strong>\u00a0y 6.525 extranjeros<\/p>\n<p>En tanto, desde el 1 de octubre, cuando ella inici\u00f3 su gesti\u00f3n, se han deportado a 138.000 personas, de las cuales 126.000 son mexicanos y 11.000 extranjeros.<\/p>\n<p>&nbsp;<\/p>\n<p>&nbsp;<\/p>\n<p>Fuente: EFE<\/p>\n","protected":false},"excerpt":{"rendered":"<p>La presidenta de M\u00e9xico,\u00a0Claudia Sheinbaum, asegur\u00f3 este viernes que al menos\u00a0355 migrantes mexicanos\u00a0han sido detenidos en distintas redadas contra migrantes en Estados Unidos y m\u00e1s de 67.000 han sido repatriados desde el pasado 20 de enero, cuando inici\u00f3 la Administraci\u00f3n de Donald Trump, &#8220;Son 355 personas detenidas mexicanas vinculadas directamente a las redadas&#8221;, inform\u00f3 la [&hellip;]<\/p>\n","protected":false},"author":2,"featured_media":224086,"comment_status":"closed","ping_status":"closed","sticky":false,"template":"","format":"standard","meta":{"footnotes":""},"categories":[12870,172],"tags":[12865,12874],"class_list":["post-224085","post","type-post","status-publish","format-standard","has-post-thumbnail","hentry","category-destacadas","category-nacional","tag-destacadas","tag-nacional"],"jetpack_featured_media_url":"https:\/\/rnoticias.com.mx\/Portal\/wp-content\/uploads\/2025\/07\/deportaciones-CIE-1920.webp","amp_enabled":true,"_links":{"self":[{"href":"https:\/\/rnoticias.com.mx\/Portal\/wp-json\/wp\/v2\/posts\/224085","targetHints":{"allow":["GET"]}}],"collection":[{"href":"https:\/\/rnoticias.com.mx\/Portal\/wp-json\/wp\/v2\/posts"}],"about":[{"href":"https:\/\/rnoticias.com.mx\/Portal\/wp-json\/wp\/v2\/types\/post"}],"author":[{"embeddable":true,"href":"https:\/\/rnoticias.com.mx\/Portal\/wp-json\/wp\/v2\/users\/2"}],"replies":[{"embeddable":true,"href":"https:\/\/rnoticias.com.mx\/Portal\/wp-json\/wp\/v2\/comments?post=224085"}],"version-history":[{"count":1,"href":"https:\/\/rnoticias.com.mx\/Portal\/wp-json\/wp\/v2\/posts\/224085\/revisions"}],"predecessor-version":[{"id":224087,"href":"https:\/\/rnoticias.com.mx\/Portal\/wp-json\/wp\/v2\/posts\/224085\/revisions\/224087"}],"wp:featuredmedia":[{"embeddable":true,"href":"https:\/\/rnoticias.com.mx\/Portal\/wp-json\/wp\/v2\/media\/224086"}],"wp:attachment":[{"href":"https:\/\/rnoticias.com.mx\/Portal\/wp-json\/wp\/v2\/media?parent=224085"}],"wp:term":[{"taxonomy":"category","embeddable":true,"href":"https:\/\/rnoticias.com.mx\/Portal\/wp-json\/wp\/v2\/categories?post=224085"},{"taxonomy":"post_tag","embeddable":true,"href":"https:\/\/rnoticias.com.mx\/Portal\/wp-json\/wp\/v2\/tags?post=224085"}],"curies":[{"name":"wp","href":"https:\/\/api.w.org\/{rel}","templated":true}]}}