{"id":224070,"date":"2025-07-11T08:45:18","date_gmt":"2025-07-11T15:45:18","guid":{"rendered":"https:\/\/rnoticias.com.mx\/Portal\/?p=224070"},"modified":"2025-07-11T08:45:18","modified_gmt":"2025-07-11T15:45:18","slug":"medidas-extremas-en-los-angeles-toques-de-queda-tras-jornadas-de-tension-por-protestas-migratorias","status":"publish","type":"post","link":"https:\/\/rnoticias.com.mx\/Portal\/2025\/07\/11\/medidas-extremas-en-los-angeles-toques-de-queda-tras-jornadas-de-tension-por-protestas-migratorias\/","title":{"rendered":"Medidas extremas en Los \u00c1ngeles: toques de queda tras jornadas de tensi\u00f3n por protestas migratorias"},"content":{"rendered":"<p>El gobierno local de Los \u00c1ngeles implement\u00f3 un toque de queda en el centro de la ciudad luego de cinco d\u00edas consecutivos de manifestaciones relacionadas con los recientes operativos migratorios. Las protestas, que comenzaron como marchas pac\u00edficas, han escalado en intensidad, llevando a las autoridades a adoptar medidas dr\u00e1sticas para garantizar la seguridad.<\/p>\n<p>Las movilizaciones fueron organizadas por colectivos que denuncian las pol\u00edticas migratorias vigentes y los operativos realizados por las fuerzas federales en comunidades vulnerables. Durante las manifestaciones, cientos de personas salieron a las calles exigiendo el cese de las detenciones y la liberaci\u00f3n de quienes han sido capturados.<\/p>\n<p>Sin embargo, los disturbios registrados en los \u00faltimos d\u00edas, con enfrentamientos entre manifestantes y cuerpos de seguridad, llevaron a las autoridades municipales a decretar el toque de queda, que estar\u00e1 vigente de 9:00 p. m. a 5:00 a. m.<\/p>\n<p>\u201cEs una medida dif\u00edcil, pero necesaria para proteger a los ciudadanos y restaurar el orden\u201d, declar\u00f3 el alcalde de Los \u00c1ngeles en una conferencia de prensa. Por su parte, los l\u00edderes de las protestas critican la decisi\u00f3n y aseguran que continuar\u00e1n alzando la voz hasta obtener una respuesta concreta a sus demandas.<\/p>\n<p>La situaci\u00f3n ha atra\u00eddo la atenci\u00f3n nacional e internacional, generando un debate sobre los derechos de los migrantes y el manejo de la seguridad p\u00fablica en medio de manifestaciones sociales.<\/p>\n","protected":false},"excerpt":{"rendered":"<p>El gobierno local de Los \u00c1ngeles implement\u00f3 un toque de queda en el centro de la ciudad luego de cinco d\u00edas consecutivos de manifestaciones relacionadas con los recientes operativos migratorios. Las protestas, que comenzaron como marchas pac\u00edficas, han escalado en intensidad, llevando a las autoridades a adoptar medidas dr\u00e1sticas para garantizar la seguridad. Las movilizaciones [&hellip;]<\/p>\n","protected":false},"author":2,"featured_media":224071,"comment_status":"closed","ping_status":"closed","sticky":false,"template":"","format":"standard","meta":{"footnotes":""},"categories":[12870,182],"tags":[12865,12871],"class_list":["post-224070","post","type-post","status-publish","format-standard","has-post-thumbnail","hentry","category-destacadas","category-internacional","tag-destacadas","tag-internacional"],"jetpack_featured_media_url":"https:\/\/rnoticias.com.mx\/Portal\/wp-content\/uploads\/2025\/07\/3322481.webp","amp_enabled":true,"_links":{"self":[{"href":"https:\/\/rnoticias.com.mx\/Portal\/wp-json\/wp\/v2\/posts\/224070","targetHints":{"allow":["GET"]}}],"collection":[{"href":"https:\/\/rnoticias.com.mx\/Portal\/wp-json\/wp\/v2\/posts"}],"about":[{"href":"https:\/\/rnoticias.com.mx\/Portal\/wp-json\/wp\/v2\/types\/post"}],"author":[{"embeddable":true,"href":"https:\/\/rnoticias.com.mx\/Portal\/wp-json\/wp\/v2\/users\/2"}],"replies":[{"embeddable":true,"href":"https:\/\/rnoticias.com.mx\/Portal\/wp-json\/wp\/v2\/comments?post=224070"}],"version-history":[{"count":1,"href":"https:\/\/rnoticias.com.mx\/Portal\/wp-json\/wp\/v2\/posts\/224070\/revisions"}],"predecessor-version":[{"id":224072,"href":"https:\/\/rnoticias.com.mx\/Portal\/wp-json\/wp\/v2\/posts\/224070\/revisions\/224072"}],"wp:featuredmedia":[{"embeddable":true,"href":"https:\/\/rnoticias.com.mx\/Portal\/wp-json\/wp\/v2\/media\/224071"}],"wp:attachment":[{"href":"https:\/\/rnoticias.com.mx\/Portal\/wp-json\/wp\/v2\/media?parent=224070"}],"wp:term":[{"taxonomy":"category","embeddable":true,"href":"https:\/\/rnoticias.com.mx\/Portal\/wp-json\/wp\/v2\/categories?post=224070"},{"taxonomy":"post_tag","embeddable":true,"href":"https:\/\/rnoticias.com.mx\/Portal\/wp-json\/wp\/v2\/tags?post=224070"}],"curies":[{"name":"wp","href":"https:\/\/api.w.org\/{rel}","templated":true}]}}