{"id":224067,"date":"2025-07-11T08:42:47","date_gmt":"2025-07-11T15:42:47","guid":{"rendered":"https:\/\/rnoticias.com.mx\/Portal\/?p=224067"},"modified":"2025-07-11T08:42:47","modified_gmt":"2025-07-11T15:42:47","slug":"seran-4-mexicanos-en-juego-estelar","status":"publish","type":"post","link":"https:\/\/rnoticias.com.mx\/Portal\/2025\/07\/11\/seran-4-mexicanos-en-juego-estelar\/","title":{"rendered":"Ser\u00e1n 4 mexicanos en juego estelar"},"content":{"rendered":"<p>El tercera base mexicano Isaac Paredes que milita con los Astros de Houston ir\u00e1 al Juego de Estrellas de las Grandes Ligas del pr\u00f3ximo martes tras ser llamado por la Liga Americana, para cubrir la antesala en el partido de media temporada y hacer historia al sumarse a otros tres mexicanos, por lo que habr\u00e1 cuatro peloteros nacidos ac\u00e1 por primera vez.<\/p>\n<p>El pelotero mexicano llegar\u00e1 en lugar del dominicano Jos\u00e9 Ram\u00edrez, de los Guardianes de Cleveland, pero no es obra de la casualidad, luego de que est\u00e1 empatado en primer lugar en OPS con el propio Ram\u00edrez, con .843.<\/p>\n<p>Con el guante, el azteca lidera a todos en su posici\u00f3n en oportunidades (195), asistencias (140) y es tercero en porcentaje de fildeo (.974).<\/p>\n<p>Hist\u00f3rico. Paredes fue al Juego de Estrellas el a\u00f1o pasado, cuando todav\u00eda vest\u00eda la franela de los Tampa Bay Rays, d\u00edas antes de ser canjeado a los Astros.<\/p>\n<p>\u201cEs algo bien bonito, algo de lo que tengo que estar muy orgulloso, poder representar al equipo y representarme a m\u00ed mismo como jugador\u201d, declar\u00f3 Paredes.<\/p>\n<p>Con su llamado se unir\u00e1 en el Cl\u00e1sico de Media Temporada de Grandes Ligas a otros tres mexicanos que estar\u00e1n entre los mejores de las Grandes Ligas, Alejandro Kirk, Jonathan Aranda y Andr\u00e9s Mu\u00f1oz.<\/p>\n<p>&nbsp;<\/p>\n<p>El Universal<\/p>\n","protected":false},"excerpt":{"rendered":"<p>El tercera base mexicano Isaac Paredes que milita con los Astros de Houston ir\u00e1 al Juego de Estrellas de las Grandes Ligas del pr\u00f3ximo martes tras ser llamado por la Liga Americana, para cubrir la antesala en el partido de media temporada y hacer historia al sumarse a otros tres mexicanos, por lo que habr\u00e1 [&hellip;]<\/p>\n","protected":false},"author":2,"featured_media":224068,"comment_status":"closed","ping_status":"closed","sticky":false,"template":"","format":"standard","meta":{"footnotes":""},"categories":[188,12870],"tags":[5231,12865],"class_list":["post-224067","post","type-post","status-publish","format-standard","has-post-thumbnail","hentry","category-deportes","category-destacadas","tag-deportes","tag-destacadas"],"jetpack_featured_media_url":"https:\/\/rnoticias.com.mx\/Portal\/wp-content\/uploads\/2025\/07\/Mexicanos-juego-de-estrellas.jpg","amp_enabled":true,"_links":{"self":[{"href":"https:\/\/rnoticias.com.mx\/Portal\/wp-json\/wp\/v2\/posts\/224067","targetHints":{"allow":["GET"]}}],"collection":[{"href":"https:\/\/rnoticias.com.mx\/Portal\/wp-json\/wp\/v2\/posts"}],"about":[{"href":"https:\/\/rnoticias.com.mx\/Portal\/wp-json\/wp\/v2\/types\/post"}],"author":[{"embeddable":true,"href":"https:\/\/rnoticias.com.mx\/Portal\/wp-json\/wp\/v2\/users\/2"}],"replies":[{"embeddable":true,"href":"https:\/\/rnoticias.com.mx\/Portal\/wp-json\/wp\/v2\/comments?post=224067"}],"version-history":[{"count":1,"href":"https:\/\/rnoticias.com.mx\/Portal\/wp-json\/wp\/v2\/posts\/224067\/revisions"}],"predecessor-version":[{"id":224069,"href":"https:\/\/rnoticias.com.mx\/Portal\/wp-json\/wp\/v2\/posts\/224067\/revisions\/224069"}],"wp:featuredmedia":[{"embeddable":true,"href":"https:\/\/rnoticias.com.mx\/Portal\/wp-json\/wp\/v2\/media\/224068"}],"wp:attachment":[{"href":"https:\/\/rnoticias.com.mx\/Portal\/wp-json\/wp\/v2\/media?parent=224067"}],"wp:term":[{"taxonomy":"category","embeddable":true,"href":"https:\/\/rnoticias.com.mx\/Portal\/wp-json\/wp\/v2\/categories?post=224067"},{"taxonomy":"post_tag","embeddable":true,"href":"https:\/\/rnoticias.com.mx\/Portal\/wp-json\/wp\/v2\/tags?post=224067"}],"curies":[{"name":"wp","href":"https:\/\/api.w.org\/{rel}","templated":true}]}}