{"id":224064,"date":"2025-07-11T08:41:04","date_gmt":"2025-07-11T15:41:04","guid":{"rendered":"https:\/\/rnoticias.com.mx\/Portal\/?p=224064"},"modified":"2025-07-11T08:41:04","modified_gmt":"2025-07-11T15:41:04","slug":"gobierno-de-sonora-llama-a-tomar-precauciones-ante-altas-temperaturas","status":"publish","type":"post","link":"https:\/\/rnoticias.com.mx\/Portal\/2025\/07\/11\/gobierno-de-sonora-llama-a-tomar-precauciones-ante-altas-temperaturas\/","title":{"rendered":"Gobierno de Sonora llama a tomar precauciones ante altas temperaturas"},"content":{"rendered":"<p>Hermosillo, Sonora; 11 de julio de 2025.- El Gobierno de Sonora, a trav\u00e9s de la Coordinaci\u00f3n Estatal de Protecci\u00f3n Civil (CEPC), hace un llamado a la poblaci\u00f3n a mantener las medidas de prevenci\u00f3n ante las altas temperaturas registradas durante esta temporada de verano.<\/p>\n<p>De acuerdo con los pron\u00f3sticos meteorol\u00f3gicos, en los pr\u00f3ximos d\u00edas se esperan temperaturas m\u00e1ximas por encima de los 40 grados a la sombra, con sensaciones t\u00e9rmicas a\u00fan mayores debido a la elevada humedad presente en el ambiente.<\/p>\n<p>Ante este panorama, la poblaci\u00f3n debe tomar precauciones para evitar afectaciones a la salud, especialmente en ni\u00f1as, ni\u00f1os, personas mayores y con enfermedades cr\u00f3nicas.<\/p>\n<p>El coordinador estatal de Protecci\u00f3n Civil, Armando Casta\u00f1eda S\u00e1nchez, recomend\u00f3 a la ciudadan\u00eda:<\/p>\n<p>&#8211; Usar ropa clara, ligera y c\u00f3moda<\/p>\n<p>&#8211; Protegerse del sol con sombrero o gorra<\/p>\n<p>&#8211; Aplicar protector solar<\/p>\n<p>&#8211; Mantenerse hidratado tomando agua constantemente<\/p>\n<p>&#8211; Evitar la exposici\u00f3n prolongada al sol<\/p>\n<p>&#8211; Permanecer en lugares frescos y ventilados<\/p>\n<p>Adem\u00e1s, se exhorta a evitar actividades f\u00edsicas entre las 11:00 de la ma\u00f1ana y las 6:00 de la tarde, ya que el esfuerzo f\u00edsico bajo temperaturas elevadas puede provocar golpe de calor o deshidrataci\u00f3n.<\/p>\n<p>Finalmente, se recuerda que ante cualquier emergencia relacionada con el calor extremo o situaciones de riesgo, la ciudadan\u00eda puede comunicarse al 9-1-1 para recibir atenci\u00f3n inmediata.<\/p>\n","protected":false},"excerpt":{"rendered":"<p>Hermosillo, Sonora; 11 de julio de 2025.- El Gobierno de Sonora, a trav\u00e9s de la Coordinaci\u00f3n Estatal de Protecci\u00f3n Civil (CEPC), hace un llamado a la poblaci\u00f3n a mantener las medidas de prevenci\u00f3n ante las altas temperaturas registradas durante esta temporada de verano. De acuerdo con los pron\u00f3sticos meteorol\u00f3gicos, en los pr\u00f3ximos d\u00edas se esperan [&hellip;]<\/p>\n","protected":false},"author":2,"featured_media":224065,"comment_status":"closed","ping_status":"closed","sticky":false,"template":"","format":"standard","meta":{"footnotes":""},"categories":[12870,178],"tags":[12865,12869],"class_list":["post-224064","post","type-post","status-publish","format-standard","has-post-thumbnail","hentry","category-destacadas","category-local","tag-destacadas","tag-local"],"jetpack_featured_media_url":"https:\/\/rnoticias.com.mx\/Portal\/wp-content\/uploads\/2025\/07\/unnamed-41.jpg","amp_enabled":true,"_links":{"self":[{"href":"https:\/\/rnoticias.com.mx\/Portal\/wp-json\/wp\/v2\/posts\/224064","targetHints":{"allow":["GET"]}}],"collection":[{"href":"https:\/\/rnoticias.com.mx\/Portal\/wp-json\/wp\/v2\/posts"}],"about":[{"href":"https:\/\/rnoticias.com.mx\/Portal\/wp-json\/wp\/v2\/types\/post"}],"author":[{"embeddable":true,"href":"https:\/\/rnoticias.com.mx\/Portal\/wp-json\/wp\/v2\/users\/2"}],"replies":[{"embeddable":true,"href":"https:\/\/rnoticias.com.mx\/Portal\/wp-json\/wp\/v2\/comments?post=224064"}],"version-history":[{"count":1,"href":"https:\/\/rnoticias.com.mx\/Portal\/wp-json\/wp\/v2\/posts\/224064\/revisions"}],"predecessor-version":[{"id":224066,"href":"https:\/\/rnoticias.com.mx\/Portal\/wp-json\/wp\/v2\/posts\/224064\/revisions\/224066"}],"wp:featuredmedia":[{"embeddable":true,"href":"https:\/\/rnoticias.com.mx\/Portal\/wp-json\/wp\/v2\/media\/224065"}],"wp:attachment":[{"href":"https:\/\/rnoticias.com.mx\/Portal\/wp-json\/wp\/v2\/media?parent=224064"}],"wp:term":[{"taxonomy":"category","embeddable":true,"href":"https:\/\/rnoticias.com.mx\/Portal\/wp-json\/wp\/v2\/categories?post=224064"},{"taxonomy":"post_tag","embeddable":true,"href":"https:\/\/rnoticias.com.mx\/Portal\/wp-json\/wp\/v2\/tags?post=224064"}],"curies":[{"name":"wp","href":"https:\/\/api.w.org\/{rel}","templated":true}]}}