{"id":224058,"date":"2025-07-11T08:32:40","date_gmt":"2025-07-11T15:32:40","guid":{"rendered":"https:\/\/rnoticias.com.mx\/Portal\/?p=224058"},"modified":"2025-07-11T08:32:40","modified_gmt":"2025-07-11T15:32:40","slug":"vuelve-el-futbol-mexicano","status":"publish","type":"post","link":"https:\/\/rnoticias.com.mx\/Portal\/2025\/07\/11\/vuelve-el-futbol-mexicano\/","title":{"rendered":"\u00a1Vuelve el futbol mexicano!"},"content":{"rendered":"<p>Las \u00c1guilas del Am\u00e9rica comenzar\u00e1n este Apertura 2025 enfrentando a los Bravos de Ju\u00e1rez en el estadio Ol\u00edmpico Benito Ju\u00e1rez, donde de nueva cuenta tendr\u00e1n en la mira hacerse del ansiado trofeo de la Liga MX.<\/p>\n<p>Los de Coapa se han reforzado con Alexis Guti\u00e9rrez, proveniente de Cruz Azul, e Isa\u00edas Violante, quien llega de Toluca, jugadores que, si bien no eran titulares con sus exequipos, la instituci\u00f3n busca un buen armado para enfrentar los siguientes retos que se aproximan en esta segunda mitad del 2025; asimismo se ha rumorado que los azulcremas han preguntado por D\u00edber Cambindo de los Rayos de Necaxa, y Jos\u00e9 Z\u00fa\u00f1iga, de los Xolos.<\/p>\n<p>Por su parte el conjunto fronterizo anunci\u00f3 las llegadas de Ricardinho Oliveira, Diego Ochoa, Alejandro Mayorga y Guillermo Ruiz; donde destacan Ricardinho, por su experiencia con el Santa Clara de la Primera Divisi\u00f3n de Portugal, y el joven guardameta Ruiz, quien tuvo un paso por el Real Madrid Castilla.<\/p>\n<p>Andr\u00e9 Jardine y sus pupilos llegan como los favoritos a este encuentro de la jornada inaugural del torneo venidero, pero los dirigidos por Mart\u00edn Varini buscar\u00e1n repetir la haza\u00f1a del pasado Apertura 2023, en la que los Bravos vinieron de abajo y remontaron el marcador (1-2) en el Coloso de Santa \u00darsula, de igual forma en la Jornada 1.<\/p>\n<p>&nbsp;<\/p>\n<p>El Universal<\/p>\n","protected":false},"excerpt":{"rendered":"<p>Las \u00c1guilas del Am\u00e9rica comenzar\u00e1n este Apertura 2025 enfrentando a los Bravos de Ju\u00e1rez en el estadio Ol\u00edmpico Benito Ju\u00e1rez, donde de nueva cuenta tendr\u00e1n en la mira hacerse del ansiado trofeo de la Liga MX. Los de Coapa se han reforzado con Alexis Guti\u00e9rrez, proveniente de Cruz Azul, e Isa\u00edas Violante, quien llega de [&hellip;]<\/p>\n","protected":false},"author":2,"featured_media":224059,"comment_status":"closed","ping_status":"closed","sticky":false,"template":"","format":"standard","meta":{"footnotes":""},"categories":[188,12870],"tags":[5231,12865],"class_list":["post-224058","post","type-post","status-publish","format-standard","has-post-thumbnail","hentry","category-deportes","category-destacadas","tag-deportes","tag-destacadas"],"jetpack_featured_media_url":"https:\/\/rnoticias.com.mx\/Portal\/wp-content\/uploads\/2025\/07\/Liga-MX-CP-1.jpeg","amp_enabled":true,"_links":{"self":[{"href":"https:\/\/rnoticias.com.mx\/Portal\/wp-json\/wp\/v2\/posts\/224058","targetHints":{"allow":["GET"]}}],"collection":[{"href":"https:\/\/rnoticias.com.mx\/Portal\/wp-json\/wp\/v2\/posts"}],"about":[{"href":"https:\/\/rnoticias.com.mx\/Portal\/wp-json\/wp\/v2\/types\/post"}],"author":[{"embeddable":true,"href":"https:\/\/rnoticias.com.mx\/Portal\/wp-json\/wp\/v2\/users\/2"}],"replies":[{"embeddable":true,"href":"https:\/\/rnoticias.com.mx\/Portal\/wp-json\/wp\/v2\/comments?post=224058"}],"version-history":[{"count":1,"href":"https:\/\/rnoticias.com.mx\/Portal\/wp-json\/wp\/v2\/posts\/224058\/revisions"}],"predecessor-version":[{"id":224060,"href":"https:\/\/rnoticias.com.mx\/Portal\/wp-json\/wp\/v2\/posts\/224058\/revisions\/224060"}],"wp:featuredmedia":[{"embeddable":true,"href":"https:\/\/rnoticias.com.mx\/Portal\/wp-json\/wp\/v2\/media\/224059"}],"wp:attachment":[{"href":"https:\/\/rnoticias.com.mx\/Portal\/wp-json\/wp\/v2\/media?parent=224058"}],"wp:term":[{"taxonomy":"category","embeddable":true,"href":"https:\/\/rnoticias.com.mx\/Portal\/wp-json\/wp\/v2\/categories?post=224058"},{"taxonomy":"post_tag","embeddable":true,"href":"https:\/\/rnoticias.com.mx\/Portal\/wp-json\/wp\/v2\/tags?post=224058"}],"curies":[{"name":"wp","href":"https:\/\/api.w.org\/{rel}","templated":true}]}}