{"id":224045,"date":"2025-07-10T21:32:19","date_gmt":"2025-07-11T04:32:19","guid":{"rendered":"https:\/\/rnoticias.com.mx\/Portal\/?p=224045"},"modified":"2025-07-10T21:32:19","modified_gmt":"2025-07-11T04:32:19","slug":"gobierno-de-sonora-impulsa-movilidad-de-talento-en-enfermeria-y-docencia-hacia-arizona-ues","status":"publish","type":"post","link":"https:\/\/rnoticias.com.mx\/Portal\/2025\/07\/10\/gobierno-de-sonora-impulsa-movilidad-de-talento-en-enfermeria-y-docencia-hacia-arizona-ues\/","title":{"rendered":"Gobierno de Sonora impulsa movilidad de talento en enfermer\u00eda y docencia hacia Arizona: UES"},"content":{"rendered":"<p>Hermosillo, Sonora; 10 de julio de 2025.- Con el respaldo del gobernador Alfonso Durazo Monta\u00f1o, la Universidad Estatal de Sonora (UES) firm\u00f3 un memor\u00e1ndum de entendimiento con International Alliance Group (IAG), con el prop\u00f3sito de promover la movilidad profesional temporal de egresadas y egresados de Enfermer\u00eda, as\u00ed como de docentes sonorenses hacia Arizona.<\/p>\n<p>La rectora de la UES, Martha Patricia Pati\u00f1o Fierro, destac\u00f3 que este acuerdo abre oportunidades globales para la comunidad universitaria y proyecta el talento sonorense m\u00e1s all\u00e1 de las fronteras estatales.<\/p>\n<p>\u201cEs m\u00e1s f\u00e1cil avanzar cuando se unen esfuerzos, cuando hay alianzas. En la UES tenemos un proyecto de universidad global. Estoy convencida de que exportar talento humano sonorense hacia Arizona es pensar en el bienestar de nuestras y nuestros estudiantes, quienes, despu\u00e9s de esa experiencia, regresar\u00e1n a emprender y a mejorar los servicios regionales\u201d, expres\u00f3.<\/p>\n<p>Por su parte, Jason D. Hammond, CEO de International Alliance Group, subray\u00f3 la relevancia de este acuerdo como una alianza estrat\u00e9gica que abrir\u00e1 la puerta al intercambio profesional. \u201cEsta firma es muy significativa para la Universidad. No solo permitir\u00e1 el intercambio de docentes, enfermeras y enfermeros, sino que trascender\u00e1 el beneficio individual, trayendo conocimiento y experiencia valiosa para la instituci\u00f3n\u201d, afirm\u00f3.<\/p>\n<p>Con estas acciones, el Gobierno de Sonora, a trav\u00e9s de la UES, refuerza su compromiso de impulsar la formaci\u00f3n de profesionales globales, fortalecer la vinculaci\u00f3n internacional y contribuir al desarrollo econ\u00f3mico y social de la entidad mediante alianzas estrat\u00e9gicas.<\/p>\n","protected":false},"excerpt":{"rendered":"<p>Hermosillo, Sonora; 10 de julio de 2025.- Con el respaldo del gobernador Alfonso Durazo Monta\u00f1o, la Universidad Estatal de Sonora (UES) firm\u00f3 un memor\u00e1ndum de entendimiento con International Alliance Group (IAG), con el prop\u00f3sito de promover la movilidad profesional temporal de egresadas y egresados de Enfermer\u00eda, as\u00ed como de docentes sonorenses hacia Arizona. La rectora [&hellip;]<\/p>\n","protected":false},"author":2,"featured_media":224046,"comment_status":"closed","ping_status":"closed","sticky":false,"template":"","format":"standard","meta":{"footnotes":""},"categories":[12870,178],"tags":[12865,12869],"class_list":["post-224045","post","type-post","status-publish","format-standard","has-post-thumbnail","hentry","category-destacadas","category-local","tag-destacadas","tag-local"],"jetpack_featured_media_url":"https:\/\/rnoticias.com.mx\/Portal\/wp-content\/uploads\/2025\/07\/unnamed-40.jpg","amp_enabled":true,"_links":{"self":[{"href":"https:\/\/rnoticias.com.mx\/Portal\/wp-json\/wp\/v2\/posts\/224045","targetHints":{"allow":["GET"]}}],"collection":[{"href":"https:\/\/rnoticias.com.mx\/Portal\/wp-json\/wp\/v2\/posts"}],"about":[{"href":"https:\/\/rnoticias.com.mx\/Portal\/wp-json\/wp\/v2\/types\/post"}],"author":[{"embeddable":true,"href":"https:\/\/rnoticias.com.mx\/Portal\/wp-json\/wp\/v2\/users\/2"}],"replies":[{"embeddable":true,"href":"https:\/\/rnoticias.com.mx\/Portal\/wp-json\/wp\/v2\/comments?post=224045"}],"version-history":[{"count":1,"href":"https:\/\/rnoticias.com.mx\/Portal\/wp-json\/wp\/v2\/posts\/224045\/revisions"}],"predecessor-version":[{"id":224047,"href":"https:\/\/rnoticias.com.mx\/Portal\/wp-json\/wp\/v2\/posts\/224045\/revisions\/224047"}],"wp:featuredmedia":[{"embeddable":true,"href":"https:\/\/rnoticias.com.mx\/Portal\/wp-json\/wp\/v2\/media\/224046"}],"wp:attachment":[{"href":"https:\/\/rnoticias.com.mx\/Portal\/wp-json\/wp\/v2\/media?parent=224045"}],"wp:term":[{"taxonomy":"category","embeddable":true,"href":"https:\/\/rnoticias.com.mx\/Portal\/wp-json\/wp\/v2\/categories?post=224045"},{"taxonomy":"post_tag","embeddable":true,"href":"https:\/\/rnoticias.com.mx\/Portal\/wp-json\/wp\/v2\/tags?post=224045"}],"curies":[{"name":"wp","href":"https:\/\/api.w.org\/{rel}","templated":true}]}}