{"id":224042,"date":"2025-07-10T21:29:49","date_gmt":"2025-07-11T04:29:49","guid":{"rendered":"https:\/\/rnoticias.com.mx\/Portal\/?p=224042"},"modified":"2025-07-10T21:29:49","modified_gmt":"2025-07-11T04:29:49","slug":"inician-lluvias-en-sonora-con-impacto-moderado-en-presas-conagua","status":"publish","type":"post","link":"https:\/\/rnoticias.com.mx\/Portal\/2025\/07\/10\/inician-lluvias-en-sonora-con-impacto-moderado-en-presas-conagua\/","title":{"rendered":"Inician lluvias en Sonora con impacto moderado en presas: Conagua"},"content":{"rendered":"<div data-olk-copy-source=\"MessageBody\"><\/div>\n<div aria-hidden=\"true\"><\/div>\n<div>Aunque la temporada de lluvias en Sonora apenas comienza, ya se han registrado aportaciones a las principales presas del estado, aunque a\u00fan no de manera significativa, inform\u00f3 Gilberto Lagarda V\u00e1zquez.<\/div>\n<div aria-hidden=\"true\"><\/div>\n<div>El especialista t\u00e9cnico de la Comisi\u00f3n Nacional del Agua en Sonora, explico que los primeros efectos se han notado desde finales de junio y principios de julio, especialmente con la llegada del monz\u00f3n mexicano.<\/div>\n<div><\/div>\n<div>\u201cSi lo vemos en las presas, es donde se nota m\u00e1s,\u00a0los sistemas m\u00e1s favorecidos son los del Yaqui y Mayo hasta ahorita,\u00a0son los que han tenido m\u00e1s efecto.\u00a0Todav\u00eda estamos, como quien dice, empezando la temporada de lluvias,\u00a0estamos apenas de inicio.\u00a0Los cambios que se est\u00e1n viendo o las aportaciones todav\u00eda son peque\u00f1as, porque la mayor parte del agua no corre o se infiltra en el subsuelo\u201d, dijo.<\/div>\n<div aria-hidden=\"true\"><\/div>\n<div>Agreg\u00f3 que conforme avance la temporada, los efectos ser\u00e1n m\u00e1s visibles, especialmente durante agosto, cuando se espera una recuperaci\u00f3n m\u00e1s clara en los niveles de almacenamiento de las diferentes presas que hay en Sonora.<\/div>\n<div><\/div>\n<div>Finalmente, indic\u00f3 que julio, agosto y septiembre son los meses m\u00e1s lluviosos del a\u00f1o en Sonora, concentrando cerca del 66% del total anual de precipitaciones.<\/div>\n","protected":false},"excerpt":{"rendered":"<p>Aunque la temporada de lluvias en Sonora apenas comienza, ya se han registrado aportaciones a las principales presas del estado, aunque a\u00fan no de manera significativa, inform\u00f3 Gilberto Lagarda V\u00e1zquez. El especialista t\u00e9cnico de la Comisi\u00f3n Nacional del Agua en Sonora, explico que los primeros efectos se han notado desde finales de junio y principios [&hellip;]<\/p>\n","protected":false},"author":2,"featured_media":224043,"comment_status":"closed","ping_status":"closed","sticky":false,"template":"","format":"standard","meta":{"footnotes":""},"categories":[12870,178],"tags":[12865,12869],"class_list":["post-224042","post","type-post","status-publish","format-standard","has-post-thumbnail","hentry","category-destacadas","category-local","tag-destacadas","tag-local"],"jetpack_featured_media_url":"https:\/\/rnoticias.com.mx\/Portal\/wp-content\/uploads\/2025\/07\/deficit-presas-.jpg","amp_enabled":true,"_links":{"self":[{"href":"https:\/\/rnoticias.com.mx\/Portal\/wp-json\/wp\/v2\/posts\/224042","targetHints":{"allow":["GET"]}}],"collection":[{"href":"https:\/\/rnoticias.com.mx\/Portal\/wp-json\/wp\/v2\/posts"}],"about":[{"href":"https:\/\/rnoticias.com.mx\/Portal\/wp-json\/wp\/v2\/types\/post"}],"author":[{"embeddable":true,"href":"https:\/\/rnoticias.com.mx\/Portal\/wp-json\/wp\/v2\/users\/2"}],"replies":[{"embeddable":true,"href":"https:\/\/rnoticias.com.mx\/Portal\/wp-json\/wp\/v2\/comments?post=224042"}],"version-history":[{"count":1,"href":"https:\/\/rnoticias.com.mx\/Portal\/wp-json\/wp\/v2\/posts\/224042\/revisions"}],"predecessor-version":[{"id":224044,"href":"https:\/\/rnoticias.com.mx\/Portal\/wp-json\/wp\/v2\/posts\/224042\/revisions\/224044"}],"wp:featuredmedia":[{"embeddable":true,"href":"https:\/\/rnoticias.com.mx\/Portal\/wp-json\/wp\/v2\/media\/224043"}],"wp:attachment":[{"href":"https:\/\/rnoticias.com.mx\/Portal\/wp-json\/wp\/v2\/media?parent=224042"}],"wp:term":[{"taxonomy":"category","embeddable":true,"href":"https:\/\/rnoticias.com.mx\/Portal\/wp-json\/wp\/v2\/categories?post=224042"},{"taxonomy":"post_tag","embeddable":true,"href":"https:\/\/rnoticias.com.mx\/Portal\/wp-json\/wp\/v2\/tags?post=224042"}],"curies":[{"name":"wp","href":"https:\/\/api.w.org\/{rel}","templated":true}]}}