{"id":224039,"date":"2025-07-10T21:27:49","date_gmt":"2025-07-11T04:27:49","guid":{"rendered":"https:\/\/rnoticias.com.mx\/Portal\/?p=224039"},"modified":"2025-07-10T21:27:49","modified_gmt":"2025-07-11T04:27:49","slug":"sonora-supera-los-3-1-millones-de-habitantes-en-el-marco-del-dia-mundial-de-la-poblacion","status":"publish","type":"post","link":"https:\/\/rnoticias.com.mx\/Portal\/2025\/07\/10\/sonora-supera-los-3-1-millones-de-habitantes-en-el-marco-del-dia-mundial-de-la-poblacion\/","title":{"rendered":"Sonora supera los 3.1 millones de habitantes, en el marco del D\u00eda Mundial de la Poblaci\u00f3n"},"content":{"rendered":"<div data-olk-copy-source=\"MessageBody\">Este 11 de julio, con motivo del D\u00eda Mundial de la Poblaci\u00f3n, el Consejo Estatal de Poblaci\u00f3n (Coespo) inform\u00f3 que Sonora cuenta actualmente con una poblaci\u00f3n estimada de 3 millones 140 mil 762 personas, seg\u00fan datos de CONAPO para el a\u00f1o 2024.<\/div>\n<div aria-hidden=\"true\"><\/div>\n<div>Adriana P\u00e9rez Sep\u00falveda, jefa del Departamento del \u00c1rea Estad\u00edstica de Coespo, detall\u00f3 que el 50.4% de los habitantes son hombres y el 49.6% mujeres, y que la entidad mantiene una tasa de crecimiento anual del 1%, aunque este ritmo ha comenzado a desacelerarse.<\/div>\n<div><\/div>\n<div>\u201cLa tendencia de crecimiento en los \u00faltimos a\u00f1os en el estado ha crecido a 1%,\u00a0este crecimiento va a ir decreciendo en las pr\u00f3ximas d\u00e9cadas, pero se va a mantener por\u00a0debajo de este 1% anual.<\/div>\n<div aria-hidden=\"true\"><\/div>\n<div>Abund\u00f3, tambi\u00e9n que uno de los principales desaf\u00edos demogr\u00e1ficos que enfrenta Sonora es el envejecimiento poblacional, ya que el aumento del grupo de personas mayores de 65 a\u00f1os implicar\u00e1 una mayor demanda de servicios m\u00e9dicos, cuidados especializados y pol\u00edticas p\u00fablicas orientadas al bienestar de este sector.<\/div>\n","protected":false},"excerpt":{"rendered":"<p>Este 11 de julio, con motivo del D\u00eda Mundial de la Poblaci\u00f3n, el Consejo Estatal de Poblaci\u00f3n (Coespo) inform\u00f3 que Sonora cuenta actualmente con una poblaci\u00f3n estimada de 3 millones 140 mil 762 personas, seg\u00fan datos de CONAPO para el a\u00f1o 2024. Adriana P\u00e9rez Sep\u00falveda, jefa del Departamento del \u00c1rea Estad\u00edstica de Coespo, detall\u00f3 que [&hellip;]<\/p>\n","protected":false},"author":2,"featured_media":224040,"comment_status":"closed","ping_status":"closed","sticky":false,"template":"","format":"standard","meta":{"footnotes":""},"categories":[12870,178],"tags":[12865,12869],"class_list":["post-224039","post","type-post","status-publish","format-standard","has-post-thumbnail","hentry","category-destacadas","category-local","tag-destacadas","tag-local"],"jetpack_featured_media_url":"https:\/\/rnoticias.com.mx\/Portal\/wp-content\/uploads\/2025\/07\/hermosillo-1.jpg","amp_enabled":true,"_links":{"self":[{"href":"https:\/\/rnoticias.com.mx\/Portal\/wp-json\/wp\/v2\/posts\/224039","targetHints":{"allow":["GET"]}}],"collection":[{"href":"https:\/\/rnoticias.com.mx\/Portal\/wp-json\/wp\/v2\/posts"}],"about":[{"href":"https:\/\/rnoticias.com.mx\/Portal\/wp-json\/wp\/v2\/types\/post"}],"author":[{"embeddable":true,"href":"https:\/\/rnoticias.com.mx\/Portal\/wp-json\/wp\/v2\/users\/2"}],"replies":[{"embeddable":true,"href":"https:\/\/rnoticias.com.mx\/Portal\/wp-json\/wp\/v2\/comments?post=224039"}],"version-history":[{"count":1,"href":"https:\/\/rnoticias.com.mx\/Portal\/wp-json\/wp\/v2\/posts\/224039\/revisions"}],"predecessor-version":[{"id":224041,"href":"https:\/\/rnoticias.com.mx\/Portal\/wp-json\/wp\/v2\/posts\/224039\/revisions\/224041"}],"wp:featuredmedia":[{"embeddable":true,"href":"https:\/\/rnoticias.com.mx\/Portal\/wp-json\/wp\/v2\/media\/224040"}],"wp:attachment":[{"href":"https:\/\/rnoticias.com.mx\/Portal\/wp-json\/wp\/v2\/media?parent=224039"}],"wp:term":[{"taxonomy":"category","embeddable":true,"href":"https:\/\/rnoticias.com.mx\/Portal\/wp-json\/wp\/v2\/categories?post=224039"},{"taxonomy":"post_tag","embeddable":true,"href":"https:\/\/rnoticias.com.mx\/Portal\/wp-json\/wp\/v2\/tags?post=224039"}],"curies":[{"name":"wp","href":"https:\/\/api.w.org\/{rel}","templated":true}]}}