{"id":224036,"date":"2025-07-10T20:41:50","date_gmt":"2025-07-11T03:41:50","guid":{"rendered":"https:\/\/rnoticias.com.mx\/Portal\/?p=224036"},"modified":"2025-07-10T20:41:50","modified_gmt":"2025-07-11T03:41:50","slug":"firman-congreso-de-sonora-e-itson-convenio-para-fortalecer-el-trabajo-legislativo","status":"publish","type":"post","link":"https:\/\/rnoticias.com.mx\/Portal\/2025\/07\/10\/firman-congreso-de-sonora-e-itson-convenio-para-fortalecer-el-trabajo-legislativo\/","title":{"rendered":"Firman Congreso de Sonora e ITSON convenio para fortalecer el trabajo legislativo"},"content":{"rendered":"<p>Hermosillo, Sonora; 10 de julio de 2025.- Con el prop\u00f3sito de fortalecer el trabajo legislativo a trav\u00e9s de la vinculaci\u00f3n con instituciones acad\u00e9micas, el Congreso del Estado firm\u00f3 un convenio de colaboraci\u00f3n con el Instituto Tecnol\u00f3gico de Sonora (ITSON), en un acto que tambi\u00e9n form\u00f3 parte de las celebraciones por el 70 aniversario de dicha casa de estudios.<\/p>\n<p>El convenio establece las bases para una cooperaci\u00f3n institucional orientada al desarrollo de acciones en materia de parlamento abierto, an\u00e1lisis legislativo, asesor\u00eda t\u00e9cnica, socializaci\u00f3n de iniciativas, as\u00ed como actividades que fomenten la transparencia y la participaci\u00f3n ciudadana.<\/p>\n<p>A trav\u00e9s de este acuerdo, el Congreso contar\u00e1 con acceso a asesor\u00eda especializada por parte de la instituci\u00f3n. Asimismo, contempla la evaluaci\u00f3n t\u00e9cnica de iniciativas legislativas, la capacitaci\u00f3n y certificaci\u00f3n del personal legislativo en diversas \u00e1reas, e incluye el uso de instalaciones del ITSON para la realizaci\u00f3n de foros, talleres y eventos conjuntos.<\/p>\n<p>En representaci\u00f3n del Congreso del Estado participaron el diputado presidente de la Mesa Directiva, Omar del Valle Colosio (PVEM); las diputadas Amairany Pe\u00f1a Escalante (PES) y Mar\u00eda Eduwiges Espinoza Tapia (Morena); as\u00ed como los diputados Norberto Barraza Almaz\u00e1n (PES), Manuel Scott S\u00e1nchez (MC), Rub\u00e9n Gonz\u00e1lez Aguayo y Ra\u00fal Gonz\u00e1lez de la Vega.<\/p>\n<p>Tambi\u00e9n estuvieron presentes P\u00e1vel N\u00fa\u00f1ez Moreno, director general Jur\u00eddico del Congreso, y Luis Fernando Torres L\u00f3pez, subdirector del Centro de Investigaciones Parlamentarias del Estado de Sonora (CIPES).<\/p>\n<p>Por parte del ITSON, firmaron el convenio el rector Jes\u00fas H\u00e9ctor Hern\u00e1ndez L\u00f3pez y el vicerrector acad\u00e9mico Jaime Garatuza Pay\u00e1n, quienes destacaron la importancia de este tipo de alianzas para el desarrollo institucional y social del estado.<\/p>\n","protected":false},"excerpt":{"rendered":"<p>Hermosillo, Sonora; 10 de julio de 2025.- Con el prop\u00f3sito de fortalecer el trabajo legislativo a trav\u00e9s de la vinculaci\u00f3n con instituciones acad\u00e9micas, el Congreso del Estado firm\u00f3 un convenio de colaboraci\u00f3n con el Instituto Tecnol\u00f3gico de Sonora (ITSON), en un acto que tambi\u00e9n form\u00f3 parte de las celebraciones por el 70 aniversario de dicha [&hellip;]<\/p>\n","protected":false},"author":2,"featured_media":224037,"comment_status":"closed","ping_status":"closed","sticky":false,"template":"","format":"standard","meta":{"footnotes":""},"categories":[12870,12868],"tags":[12865,12879],"class_list":["post-224036","post","type-post","status-publish","format-standard","has-post-thumbnail","hentry","category-destacadas","category-politica","tag-destacadas","tag-politica"],"jetpack_featured_media_url":"https:\/\/rnoticias.com.mx\/Portal\/wp-content\/uploads\/2025\/07\/3b3df2a8-5d80-4e5f-9009-11f921c34df5.jpg","amp_enabled":true,"_links":{"self":[{"href":"https:\/\/rnoticias.com.mx\/Portal\/wp-json\/wp\/v2\/posts\/224036","targetHints":{"allow":["GET"]}}],"collection":[{"href":"https:\/\/rnoticias.com.mx\/Portal\/wp-json\/wp\/v2\/posts"}],"about":[{"href":"https:\/\/rnoticias.com.mx\/Portal\/wp-json\/wp\/v2\/types\/post"}],"author":[{"embeddable":true,"href":"https:\/\/rnoticias.com.mx\/Portal\/wp-json\/wp\/v2\/users\/2"}],"replies":[{"embeddable":true,"href":"https:\/\/rnoticias.com.mx\/Portal\/wp-json\/wp\/v2\/comments?post=224036"}],"version-history":[{"count":1,"href":"https:\/\/rnoticias.com.mx\/Portal\/wp-json\/wp\/v2\/posts\/224036\/revisions"}],"predecessor-version":[{"id":224038,"href":"https:\/\/rnoticias.com.mx\/Portal\/wp-json\/wp\/v2\/posts\/224036\/revisions\/224038"}],"wp:featuredmedia":[{"embeddable":true,"href":"https:\/\/rnoticias.com.mx\/Portal\/wp-json\/wp\/v2\/media\/224037"}],"wp:attachment":[{"href":"https:\/\/rnoticias.com.mx\/Portal\/wp-json\/wp\/v2\/media?parent=224036"}],"wp:term":[{"taxonomy":"category","embeddable":true,"href":"https:\/\/rnoticias.com.mx\/Portal\/wp-json\/wp\/v2\/categories?post=224036"},{"taxonomy":"post_tag","embeddable":true,"href":"https:\/\/rnoticias.com.mx\/Portal\/wp-json\/wp\/v2\/tags?post=224036"}],"curies":[{"name":"wp","href":"https:\/\/api.w.org\/{rel}","templated":true}]}}