{"id":224033,"date":"2025-07-10T20:39:34","date_gmt":"2025-07-11T03:39:34","guid":{"rendered":"https:\/\/rnoticias.com.mx\/Portal\/?p=224033"},"modified":"2025-07-10T20:39:34","modified_gmt":"2025-07-11T03:39:34","slug":"analiza-congreso-de-sonora-temas-de-salud-educacion-ganaderia-y-crisis-hidrica","status":"publish","type":"post","link":"https:\/\/rnoticias.com.mx\/Portal\/2025\/07\/10\/analiza-congreso-de-sonora-temas-de-salud-educacion-ganaderia-y-crisis-hidrica\/","title":{"rendered":"Analiza Congreso de Sonora temas de salud, educaci\u00f3n, ganader\u00eda y crisis h\u00eddrica"},"content":{"rendered":"<p>Hermosillo, Sonora; 10 de julio de 2025.- En sesi\u00f3n de la Diputaci\u00f3n Permanente se turn\u00f3 a comisi\u00f3n una iniciativa para regular el uso educativo de dispositivos electr\u00f3nicos en escuelas, priorizando el bienestar de la ni\u00f1ez. Adem\u00e1s, se presentaron posicionamientos sobre los avances en salud p\u00fablica con inversi\u00f3n en hospitales, la reactivaci\u00f3n de la exportaci\u00f3n de ganado por Agua Prieta y la necesidad de garantizar el acceso sostenible al agua como derecho humano en Sonora.<\/p>\n<p>La diputada Deni Gast\u00e9lum Barreras (Morena) present\u00f3 una iniciativa de decreto para adicionar un art\u00edculo a la Ley de Educaci\u00f3n del Estado de Sonora, con el fin de regular el uso de dispositivos electr\u00f3nicos y tecnolog\u00edas de la informaci\u00f3n en planteles de educaci\u00f3n b\u00e1sica y media superior, tanto p\u00fablicos como privados.<\/p>\n<p>Dicha iniciativa se turn\u00f3 a la Comisi\u00f3n de Educaci\u00f3n y Cultura para su an\u00e1lisis y, en su caso, dictaminaci\u00f3n.<\/p>\n<p>La diputada Ros\u00e1ngela Amairany Pe\u00f1a Escalante (PES) present\u00f3 un posicionamiento en el que destac\u00f3 los avances en infraestructura hospitalaria en Sonora, con nuevas obras, equipamiento y personal especializado, como parte del compromiso de la Cuarta Transformaci\u00f3n para garantizar el acceso gratuito a la salud y fortalecer el sistema p\u00fablico estatal.<\/p>\n<p>Por su parte, el diputado Jes\u00fas Tadeo Mend\u00edvil Valenzuela (Morena) destac\u00f3 la importancia de reanudar la exportaci\u00f3n de ganado bovino por Agua Prieta. Reconoci\u00f3 el impacto del cierre temporal, valor\u00f3 la respuesta conjunta de autoridades y productores y reiter\u00f3 el compromiso del Congreso con el fortalecimiento del sector ganadero en la entidad.<\/p>\n<p>Antes de finalizar, el diputado Omar Francisco Del Valle Colosio (PVEM) llam\u00f3 a fortalecer desde el Congreso las acciones ante la crisis h\u00eddrica en Sonora, respaldando inversiones y pol\u00edticas p\u00fablicas que garanticen el acceso sostenible al agua como derecho humano y motor de desarrollo.<\/p>\n<p>Con oportunidad se informar\u00e1 a trav\u00e9s de la Gaceta Parlamentaria el d\u00eda y la hora de una pr\u00f3xima sesi\u00f3n ordinaria de la Diputaci\u00f3n Permanente.<\/p>\n","protected":false},"excerpt":{"rendered":"<p>Hermosillo, Sonora; 10 de julio de 2025.- En sesi\u00f3n de la Diputaci\u00f3n Permanente se turn\u00f3 a comisi\u00f3n una iniciativa para regular el uso educativo de dispositivos electr\u00f3nicos en escuelas, priorizando el bienestar de la ni\u00f1ez. Adem\u00e1s, se presentaron posicionamientos sobre los avances en salud p\u00fablica con inversi\u00f3n en hospitales, la reactivaci\u00f3n de la exportaci\u00f3n de [&hellip;]<\/p>\n","protected":false},"author":2,"featured_media":224034,"comment_status":"closed","ping_status":"closed","sticky":false,"template":"","format":"standard","meta":{"footnotes":""},"categories":[12870,12868],"tags":[12865,12879],"class_list":["post-224033","post","type-post","status-publish","format-standard","has-post-thumbnail","hentry","category-destacadas","category-politica","tag-destacadas","tag-politica"],"jetpack_featured_media_url":"https:\/\/rnoticias.com.mx\/Portal\/wp-content\/uploads\/2025\/07\/5ba8259b-32e6-428a-971a-0a47adfca662-1.jpg","amp_enabled":true,"_links":{"self":[{"href":"https:\/\/rnoticias.com.mx\/Portal\/wp-json\/wp\/v2\/posts\/224033","targetHints":{"allow":["GET"]}}],"collection":[{"href":"https:\/\/rnoticias.com.mx\/Portal\/wp-json\/wp\/v2\/posts"}],"about":[{"href":"https:\/\/rnoticias.com.mx\/Portal\/wp-json\/wp\/v2\/types\/post"}],"author":[{"embeddable":true,"href":"https:\/\/rnoticias.com.mx\/Portal\/wp-json\/wp\/v2\/users\/2"}],"replies":[{"embeddable":true,"href":"https:\/\/rnoticias.com.mx\/Portal\/wp-json\/wp\/v2\/comments?post=224033"}],"version-history":[{"count":1,"href":"https:\/\/rnoticias.com.mx\/Portal\/wp-json\/wp\/v2\/posts\/224033\/revisions"}],"predecessor-version":[{"id":224035,"href":"https:\/\/rnoticias.com.mx\/Portal\/wp-json\/wp\/v2\/posts\/224033\/revisions\/224035"}],"wp:featuredmedia":[{"embeddable":true,"href":"https:\/\/rnoticias.com.mx\/Portal\/wp-json\/wp\/v2\/media\/224034"}],"wp:attachment":[{"href":"https:\/\/rnoticias.com.mx\/Portal\/wp-json\/wp\/v2\/media?parent=224033"}],"wp:term":[{"taxonomy":"category","embeddable":true,"href":"https:\/\/rnoticias.com.mx\/Portal\/wp-json\/wp\/v2\/categories?post=224033"},{"taxonomy":"post_tag","embeddable":true,"href":"https:\/\/rnoticias.com.mx\/Portal\/wp-json\/wp\/v2\/tags?post=224033"}],"curies":[{"name":"wp","href":"https:\/\/api.w.org\/{rel}","templated":true}]}}