{"id":224030,"date":"2025-07-10T20:37:38","date_gmt":"2025-07-11T03:37:38","guid":{"rendered":"https:\/\/rnoticias.com.mx\/Portal\/?p=224030"},"modified":"2025-07-10T20:37:38","modified_gmt":"2025-07-11T03:37:38","slug":"propone-diputada-deni-gastelum-regular-el-uso-de-dispositivos-electronicos-y-tecnologias-de-la-informacion-en-planteles-educativos","status":"publish","type":"post","link":"https:\/\/rnoticias.com.mx\/Portal\/2025\/07\/10\/propone-diputada-deni-gastelum-regular-el-uso-de-dispositivos-electronicos-y-tecnologias-de-la-informacion-en-planteles-educativos\/","title":{"rendered":"Propone diputada Deni Gast\u00e9lum regular el uso de dispositivos electr\u00f3nicos y tecnolog\u00edas de la informaci\u00f3n en planteles educativos."},"content":{"rendered":"<p>Hermosillo, Sonora; 10 de julio de 2025.- Con el objetivo de proteger el desarrollo integral de ni\u00f1as, ni\u00f1os y adolescentes en el entorno escolar, la diputada Deni Gast\u00e9lum Barreras (Morena) present\u00f3 una iniciativa con proyecto de decreto que busca regular el uso de dispositivos electr\u00f3nicos y tecnolog\u00edas de la informaci\u00f3n en escuelas de nivel b\u00e1sico y medio superior, tanto p\u00fablicas como privadas.<\/p>\n<p>La propuesta, que fue turnada a la Comisi\u00f3n de Educaci\u00f3n y Cultura para su an\u00e1lisis, plantea adicionar el art\u00edculo 50 BIS a Ley de Educaci\u00f3n del Estado de Sonora, priorizando el inter\u00e9s superior de la ni\u00f1ez y el principio de autonom\u00eda progresiva.<\/p>\n<p>La legisladora morenista detall\u00f3 que la iniciativa contempla el establecimiento de lineamientos generales para que el uso de dispositivos durante clases se limite a fines pedag\u00f3gicos, formativos e inclusivos, bajo la gu\u00eda del personal docente.<\/p>\n<p>As\u00ed mismo, propone fomentar una mayor participaci\u00f3n de la comunidad escolar en la elaboraci\u00f3n de reglamentos internos que definan normas espec\u00edficas para su uso. Tambi\u00e9n plantea la implementaci\u00f3n de campa\u00f1as y programas formativos dirigidos a la comunidad educativa, con el fin de prevenir riesgos como el ciberacoso o el sexting, y concientizar sobre el impacto del uso excesivo de tecnolog\u00eda en la salud mental.<\/p>\n<p>\u201cProteger la mente en desarrollo es una responsabilidad del Estado; regular el uso de nuevas tecnolog\u00edas en la infancia y adolescencia es legislar por el futuro\u201d, expres\u00f3 la diputada durante su intervenci\u00f3n en el pleno.<\/p>\n<p>Gastelum Barreras cit\u00f3 estudios nacionales e internacionales que documentan los efectos negativos del uso no regulado de dispositivos, as\u00ed como los avances de otros estados como Quer\u00e9taro, Michoac\u00e1n, Puebla y Nuevo Le\u00f3n, que ya han implementado acciones similares.<\/p>\n<p>Finalmente, la diputada morenista reafirm\u00f3 su compromiso con una educaci\u00f3n de calidad, inclusiva y segura para las infancias y juventudes, y llam\u00f3 a sus compa\u00f1eras y compa\u00f1eros legisladores a respaldar la propuesta.<\/p>\n","protected":false},"excerpt":{"rendered":"<p>Hermosillo, Sonora; 10 de julio de 2025.- Con el objetivo de proteger el desarrollo integral de ni\u00f1as, ni\u00f1os y adolescentes en el entorno escolar, la diputada Deni Gast\u00e9lum Barreras (Morena) present\u00f3 una iniciativa con proyecto de decreto que busca regular el uso de dispositivos electr\u00f3nicos y tecnolog\u00edas de la informaci\u00f3n en escuelas de nivel b\u00e1sico [&hellip;]<\/p>\n","protected":false},"author":2,"featured_media":224031,"comment_status":"closed","ping_status":"closed","sticky":false,"template":"","format":"standard","meta":{"footnotes":""},"categories":[12870,12868],"tags":[12865,12879],"class_list":["post-224030","post","type-post","status-publish","format-standard","has-post-thumbnail","hentry","category-destacadas","category-politica","tag-destacadas","tag-politica"],"jetpack_featured_media_url":"https:\/\/rnoticias.com.mx\/Portal\/wp-content\/uploads\/2025\/07\/521db7c3-5956-4605-8de9-501e31200f08.jpg","amp_enabled":true,"_links":{"self":[{"href":"https:\/\/rnoticias.com.mx\/Portal\/wp-json\/wp\/v2\/posts\/224030","targetHints":{"allow":["GET"]}}],"collection":[{"href":"https:\/\/rnoticias.com.mx\/Portal\/wp-json\/wp\/v2\/posts"}],"about":[{"href":"https:\/\/rnoticias.com.mx\/Portal\/wp-json\/wp\/v2\/types\/post"}],"author":[{"embeddable":true,"href":"https:\/\/rnoticias.com.mx\/Portal\/wp-json\/wp\/v2\/users\/2"}],"replies":[{"embeddable":true,"href":"https:\/\/rnoticias.com.mx\/Portal\/wp-json\/wp\/v2\/comments?post=224030"}],"version-history":[{"count":1,"href":"https:\/\/rnoticias.com.mx\/Portal\/wp-json\/wp\/v2\/posts\/224030\/revisions"}],"predecessor-version":[{"id":224032,"href":"https:\/\/rnoticias.com.mx\/Portal\/wp-json\/wp\/v2\/posts\/224030\/revisions\/224032"}],"wp:featuredmedia":[{"embeddable":true,"href":"https:\/\/rnoticias.com.mx\/Portal\/wp-json\/wp\/v2\/media\/224031"}],"wp:attachment":[{"href":"https:\/\/rnoticias.com.mx\/Portal\/wp-json\/wp\/v2\/media?parent=224030"}],"wp:term":[{"taxonomy":"category","embeddable":true,"href":"https:\/\/rnoticias.com.mx\/Portal\/wp-json\/wp\/v2\/categories?post=224030"},{"taxonomy":"post_tag","embeddable":true,"href":"https:\/\/rnoticias.com.mx\/Portal\/wp-json\/wp\/v2\/tags?post=224030"}],"curies":[{"name":"wp","href":"https:\/\/api.w.org\/{rel}","templated":true}]}}