{"id":224027,"date":"2025-07-10T20:35:07","date_gmt":"2025-07-11T03:35:07","guid":{"rendered":"https:\/\/rnoticias.com.mx\/Portal\/?p=224027"},"modified":"2025-07-10T20:35:07","modified_gmt":"2025-07-11T03:35:07","slug":"destaca-diputada-amairany-pena-historica-inversion-en-salud-en-sonora","status":"publish","type":"post","link":"https:\/\/rnoticias.com.mx\/Portal\/2025\/07\/10\/destaca-diputada-amairany-pena-historica-inversion-en-salud-en-sonora\/","title":{"rendered":"Destaca diputada Amairany Pe\u00f1a hist\u00f3rica inversi\u00f3n en salud en Sonora"},"content":{"rendered":"<p>Hermosillo, Sonora; 10 de julio de 2025.- La diputada Amairany Pe\u00f1a Escalante (PES) present\u00f3 este mi\u00e9rcoles, en sesi\u00f3n de la Diputaci\u00f3n Permanente, un posicionamiento en relaci\u00f3n con la hist\u00f3rica inversi\u00f3n en infraestructura hospitalaria y los avances en materia de salud en el estado.<\/p>\n<p>La legisladora, quien tambi\u00e9n preside la Comisi\u00f3n de Salud, destac\u00f3 las gestiones realizadas por el gobernador Alfonso Durazo Monta\u00f1o, en coordinaci\u00f3n con la presidenta de la Rep\u00fablica, Claudia Sheinbaum Pardo.<\/p>\n<p>Entre las acciones relevantes mencion\u00f3 la inversi\u00f3n de 80 millones de pesos para la compra directa de medicamentos para atender patolog\u00edas cr\u00edticas y la inversi\u00f3n aproximada de 500 millones de pesos destinada al nuevo Hospital Universitario del IMSS.<\/p>\n<p>Asimismo, subray\u00f3 la construcci\u00f3n del Hospital Integral Comunitario de V\u00edcam Switch, con una inversi\u00f3n de 503 millones de pesos, y la edificaci\u00f3n del Hospital General de Zona del IMSS en Navojoa, cuya inversi\u00f3n asciende a mil 864 millones de pesos con beneficio para 96 mil habitantes.<\/p>\n<p>En el \u00e1mbito administrativo, resalt\u00f3 la basificaci\u00f3n de mil 474 trabajadores de la salud entre 2023 y 2024. Adem\u00e1s, subray\u00f3 la hist\u00f3rica inversi\u00f3n federal y estatal en el Hospital General de Zona, de 120 camas, en San Luis R\u00edo Colorado, que contar\u00e1 con 15 consultorios y una amplia gama de especialidades m\u00e9dicas como inmunolog\u00eda, cardiolog\u00eda, cirug\u00eda maxilofacial, dermatolog\u00eda, oncolog\u00eda m\u00e9dica, oftalmolog\u00eda, urolog\u00eda, psiquiatr\u00eda, entre otras.<\/p>\n<p>Finalmente, enfatiz\u00f3 que desde la Comisi\u00f3n de Salud continuar\u00e1 trabajando en iniciativas que permitan mejorar el marco jur\u00eddico en materia presupuestaria, as\u00ed como del correcto funcionamiento y garant\u00eda de los derechos en materia de salud en Sonora.<\/p>\n","protected":false},"excerpt":{"rendered":"<p>Hermosillo, Sonora; 10 de julio de 2025.- La diputada Amairany Pe\u00f1a Escalante (PES) present\u00f3 este mi\u00e9rcoles, en sesi\u00f3n de la Diputaci\u00f3n Permanente, un posicionamiento en relaci\u00f3n con la hist\u00f3rica inversi\u00f3n en infraestructura hospitalaria y los avances en materia de salud en el estado. La legisladora, quien tambi\u00e9n preside la Comisi\u00f3n de Salud, destac\u00f3 las gestiones [&hellip;]<\/p>\n","protected":false},"author":2,"featured_media":224028,"comment_status":"closed","ping_status":"closed","sticky":false,"template":"","format":"standard","meta":{"footnotes":""},"categories":[12870,12868],"tags":[12865,12879],"class_list":["post-224027","post","type-post","status-publish","format-standard","has-post-thumbnail","hentry","category-destacadas","category-politica","tag-destacadas","tag-politica"],"jetpack_featured_media_url":"https:\/\/rnoticias.com.mx\/Portal\/wp-content\/uploads\/2025\/07\/1cc62216-2e32-4aa9-9d2f-070d334142d5.jpg","amp_enabled":true,"_links":{"self":[{"href":"https:\/\/rnoticias.com.mx\/Portal\/wp-json\/wp\/v2\/posts\/224027","targetHints":{"allow":["GET"]}}],"collection":[{"href":"https:\/\/rnoticias.com.mx\/Portal\/wp-json\/wp\/v2\/posts"}],"about":[{"href":"https:\/\/rnoticias.com.mx\/Portal\/wp-json\/wp\/v2\/types\/post"}],"author":[{"embeddable":true,"href":"https:\/\/rnoticias.com.mx\/Portal\/wp-json\/wp\/v2\/users\/2"}],"replies":[{"embeddable":true,"href":"https:\/\/rnoticias.com.mx\/Portal\/wp-json\/wp\/v2\/comments?post=224027"}],"version-history":[{"count":1,"href":"https:\/\/rnoticias.com.mx\/Portal\/wp-json\/wp\/v2\/posts\/224027\/revisions"}],"predecessor-version":[{"id":224029,"href":"https:\/\/rnoticias.com.mx\/Portal\/wp-json\/wp\/v2\/posts\/224027\/revisions\/224029"}],"wp:featuredmedia":[{"embeddable":true,"href":"https:\/\/rnoticias.com.mx\/Portal\/wp-json\/wp\/v2\/media\/224028"}],"wp:attachment":[{"href":"https:\/\/rnoticias.com.mx\/Portal\/wp-json\/wp\/v2\/media?parent=224027"}],"wp:term":[{"taxonomy":"category","embeddable":true,"href":"https:\/\/rnoticias.com.mx\/Portal\/wp-json\/wp\/v2\/categories?post=224027"},{"taxonomy":"post_tag","embeddable":true,"href":"https:\/\/rnoticias.com.mx\/Portal\/wp-json\/wp\/v2\/tags?post=224027"}],"curies":[{"name":"wp","href":"https:\/\/api.w.org\/{rel}","templated":true}]}}