{"id":224024,"date":"2025-07-10T20:34:21","date_gmt":"2025-07-11T03:34:21","guid":{"rendered":"https:\/\/rnoticias.com.mx\/Portal\/?p=224024"},"modified":"2025-07-10T20:34:21","modified_gmt":"2025-07-11T03:34:21","slug":"celebra-diputado-jesus-tadeo-mendivil-la-reapertura-de-la-frontera-norte-de-mexico-para-la-exportacion-de-ganado","status":"publish","type":"post","link":"https:\/\/rnoticias.com.mx\/Portal\/2025\/07\/10\/celebra-diputado-jesus-tadeo-mendivil-la-reapertura-de-la-frontera-norte-de-mexico-para-la-exportacion-de-ganado\/","title":{"rendered":"Celebra diputado Jes\u00fas Tadeo Mend\u00edvil la reapertura de la frontera norte de M\u00e9xico para la exportaci\u00f3n de ganado."},"content":{"rendered":"<p>Hermosillo, Sonora; 10 de julio de 2025.- Desde el Pleno del Congreso del Estado, el diputado Jes\u00fas Tadeo Mend\u00edvil Valenzuela (Morena), presidente de la Comisi\u00f3n de Fomento Agr\u00edcola y Ganadero, present\u00f3 un posicionamiento respecto a la reanudaci\u00f3n de la exportaci\u00f3n de ganado bovino sonorense a Estados Unidos, a trav\u00e9s del cruce fronterizo de Agua Prieta.<\/p>\n<p>El legislador morenista destac\u00f3 que esta reapertura es una noticia de gran relevancia para Sonora y para el pa\u00eds, ya que la exportaci\u00f3n de ganado no solo representa una actividad econ\u00f3mica estrat\u00e9gica, sino tambi\u00e9n una tradici\u00f3n, identidad regional y motor de desarrollo.<\/p>\n<p>\u201cEl cierre de la frontera no solo se trat\u00f3 de un contratiempo comercial, sino de una amenaza real a una cadena productiva que sostiene miles de empleos, comunidades enteras y un modelo de exportaci\u00f3n ejemplar para todo el pa\u00eds. Esta problem\u00e1tica afect\u00f3 directamente a nuestros productores ganaderos. Se estima que en 15 d\u00edas se registraron p\u00e9rdidas por el orden de los 60 millones de d\u00f3lares, es decir, entre cuatro a cinco millones de d\u00f3lares diarios\u201d, afirm\u00f3.<\/p>\n<p>Mend\u00edvil Valenzuela reconoci\u00f3 la acci\u00f3n oportuna del gobernador Alfonso Durazo Monta\u00f1o, as\u00ed como el trabajo coordinado del sector ganadero, autoridades sanitarias y los tres \u00f3rganos de gobierno, que permitieron contener la emergencia sanitaria y recuperar la confianza de las autoridades estadounidenses para reactivar la exportaci\u00f3n de ganado.<\/p>\n<p>Adem\u00e1s, hizo un llamado a las autoridades correspondientes para que se restablezca la exportaci\u00f3n a trav\u00e9s del cruce fronterizo del municipio de Nogales, a fin de normalizar completamente la actividad ganadera del estado.<\/p>\n<p>Finalmente, subray\u00f3 que este evento debe servir como recordado de que la sanidad animal es un tema de seguridad nacional y soberan\u00eda alimentaria, por lo que reiter\u00f3 su compromiso de respaldar desde el Congreso todas las acciones que fortalezcan al campo sonorense.<\/p>\n","protected":false},"excerpt":{"rendered":"<p>Hermosillo, Sonora; 10 de julio de 2025.- Desde el Pleno del Congreso del Estado, el diputado Jes\u00fas Tadeo Mend\u00edvil Valenzuela (Morena), presidente de la Comisi\u00f3n de Fomento Agr\u00edcola y Ganadero, present\u00f3 un posicionamiento respecto a la reanudaci\u00f3n de la exportaci\u00f3n de ganado bovino sonorense a Estados Unidos, a trav\u00e9s del cruce fronterizo de Agua Prieta. [&hellip;]<\/p>\n","protected":false},"author":2,"featured_media":224025,"comment_status":"closed","ping_status":"closed","sticky":false,"template":"","format":"standard","meta":{"footnotes":""},"categories":[12870,12868],"tags":[12865,12879],"class_list":["post-224024","post","type-post","status-publish","format-standard","has-post-thumbnail","hentry","category-destacadas","category-politica","tag-destacadas","tag-politica"],"jetpack_featured_media_url":"https:\/\/rnoticias.com.mx\/Portal\/wp-content\/uploads\/2025\/07\/43d1fb30-5c8b-4ea2-9769-d5939e5b3136.jpg","amp_enabled":true,"_links":{"self":[{"href":"https:\/\/rnoticias.com.mx\/Portal\/wp-json\/wp\/v2\/posts\/224024","targetHints":{"allow":["GET"]}}],"collection":[{"href":"https:\/\/rnoticias.com.mx\/Portal\/wp-json\/wp\/v2\/posts"}],"about":[{"href":"https:\/\/rnoticias.com.mx\/Portal\/wp-json\/wp\/v2\/types\/post"}],"author":[{"embeddable":true,"href":"https:\/\/rnoticias.com.mx\/Portal\/wp-json\/wp\/v2\/users\/2"}],"replies":[{"embeddable":true,"href":"https:\/\/rnoticias.com.mx\/Portal\/wp-json\/wp\/v2\/comments?post=224024"}],"version-history":[{"count":1,"href":"https:\/\/rnoticias.com.mx\/Portal\/wp-json\/wp\/v2\/posts\/224024\/revisions"}],"predecessor-version":[{"id":224026,"href":"https:\/\/rnoticias.com.mx\/Portal\/wp-json\/wp\/v2\/posts\/224024\/revisions\/224026"}],"wp:featuredmedia":[{"embeddable":true,"href":"https:\/\/rnoticias.com.mx\/Portal\/wp-json\/wp\/v2\/media\/224025"}],"wp:attachment":[{"href":"https:\/\/rnoticias.com.mx\/Portal\/wp-json\/wp\/v2\/media?parent=224024"}],"wp:term":[{"taxonomy":"category","embeddable":true,"href":"https:\/\/rnoticias.com.mx\/Portal\/wp-json\/wp\/v2\/categories?post=224024"},{"taxonomy":"post_tag","embeddable":true,"href":"https:\/\/rnoticias.com.mx\/Portal\/wp-json\/wp\/v2\/tags?post=224024"}],"curies":[{"name":"wp","href":"https:\/\/api.w.org\/{rel}","templated":true}]}}