{"id":224006,"date":"2025-07-10T19:55:44","date_gmt":"2025-07-11T02:55:44","guid":{"rendered":"https:\/\/rnoticias.com.mx\/Portal\/?p=224006"},"modified":"2025-07-10T19:55:44","modified_gmt":"2025-07-11T02:55:44","slug":"impulsa-gobierno-de-sonora-la-inclusion-con-entrega-de-proyectos-productivos-a-personas-con-discapacidad","status":"publish","type":"post","link":"https:\/\/rnoticias.com.mx\/Portal\/2025\/07\/10\/impulsa-gobierno-de-sonora-la-inclusion-con-entrega-de-proyectos-productivos-a-personas-con-discapacidad\/","title":{"rendered":"Impulsa Gobierno de Sonora la inclusi\u00f3n con entrega de proyectos productivos a personas con discapacidad"},"content":{"rendered":"<p>Caborca, Sonora; a 10 de julio de 2025.- Gracias al impulso del gobernador Alfonso Durazo Monta\u00f1o, el Gobierno de Sonora, a trav\u00e9s del Sistema DIF estatal, entreg\u00f3 28 proyectos productivos del programa Yo Puedo a personas con discapacidad de 17 municipios de la entidad, con una inversi\u00f3n total de un mill\u00f3n 49 mil 589 pesos.<\/p>\n<p>Estos apoyos, otorgados en las regiones de Bacanora, Agua Prieta y Caborca, est\u00e1n dise\u00f1ados para fortalecer la autonom\u00eda econ\u00f3mica de personas con discapacidad mediante el impulso de iniciativas como tortiller\u00edas, panader\u00edas, carretas de hot dogs y carne asada, entre otras actividades productivas.<\/p>\n<p>En la regi\u00f3n de Bacanora se entregaron 10 proyectos productivos para personas de los municipios de Bacanora, Sahuaripa, San Felipe de Jes\u00fas, San Pedro de la Cueva y Tepache, con una inversi\u00f3n de 382 mil 85 pesos.<\/p>\n<p>En Agua Prieta se benefici\u00f3 a personas de Cumpas, Nacozari de Garc\u00eda, Naco, Bacoachi, Moctezuma y Fronteras, con un total de 11 proyectos y una inversi\u00f3n de 381 mil 212 pesos. Adem\u00e1s, se hizo entrega de tarjetones y Credenciales Nacionales para Personas con Discapacidad a quienes lo hab\u00edan solicitado, garantizando as\u00ed su acceso a m\u00e1s beneficios y derechos.<\/p>\n<p>Finalmente, en Caborca se entregaron siete proyectos productivos a personas con discapacidad de \u00c1til, Pitiquito, Trincheras y Tubutama, con una inversi\u00f3n de 286 mil 291 pesos.<\/p>\n<p>La directora general de DIF Sonora, Lizeth V\u00e1squez Ochoa, se\u00f1al\u00f3 que estos apoyos son parte del compromiso del Gobierno de Sonora por construir una sociedad m\u00e1s incluyente, en la que todas las personas puedan desarrollar sus capacidades y mejorar su calidad de vida, donde nadie se quede atr\u00e1s.<\/p>\n","protected":false},"excerpt":{"rendered":"<p>Caborca, Sonora; a 10 de julio de 2025.- Gracias al impulso del gobernador Alfonso Durazo Monta\u00f1o, el Gobierno de Sonora, a trav\u00e9s del Sistema DIF estatal, entreg\u00f3 28 proyectos productivos del programa Yo Puedo a personas con discapacidad de 17 municipios de la entidad, con una inversi\u00f3n total de un mill\u00f3n 49 mil 589 pesos. [&hellip;]<\/p>\n","protected":false},"author":2,"featured_media":224007,"comment_status":"closed","ping_status":"closed","sticky":false,"template":"","format":"standard","meta":{"footnotes":""},"categories":[12870,174],"tags":[12865,12873],"class_list":["post-224006","post","type-post","status-publish","format-standard","has-post-thumbnail","hentry","category-destacadas","category-estatal","tag-destacadas","tag-estatal"],"jetpack_featured_media_url":"https:\/\/rnoticias.com.mx\/Portal\/wp-content\/uploads\/2025\/07\/unnamed-2-6.jpg","amp_enabled":true,"_links":{"self":[{"href":"https:\/\/rnoticias.com.mx\/Portal\/wp-json\/wp\/v2\/posts\/224006","targetHints":{"allow":["GET"]}}],"collection":[{"href":"https:\/\/rnoticias.com.mx\/Portal\/wp-json\/wp\/v2\/posts"}],"about":[{"href":"https:\/\/rnoticias.com.mx\/Portal\/wp-json\/wp\/v2\/types\/post"}],"author":[{"embeddable":true,"href":"https:\/\/rnoticias.com.mx\/Portal\/wp-json\/wp\/v2\/users\/2"}],"replies":[{"embeddable":true,"href":"https:\/\/rnoticias.com.mx\/Portal\/wp-json\/wp\/v2\/comments?post=224006"}],"version-history":[{"count":1,"href":"https:\/\/rnoticias.com.mx\/Portal\/wp-json\/wp\/v2\/posts\/224006\/revisions"}],"predecessor-version":[{"id":224008,"href":"https:\/\/rnoticias.com.mx\/Portal\/wp-json\/wp\/v2\/posts\/224006\/revisions\/224008"}],"wp:featuredmedia":[{"embeddable":true,"href":"https:\/\/rnoticias.com.mx\/Portal\/wp-json\/wp\/v2\/media\/224007"}],"wp:attachment":[{"href":"https:\/\/rnoticias.com.mx\/Portal\/wp-json\/wp\/v2\/media?parent=224006"}],"wp:term":[{"taxonomy":"category","embeddable":true,"href":"https:\/\/rnoticias.com.mx\/Portal\/wp-json\/wp\/v2\/categories?post=224006"},{"taxonomy":"post_tag","embeddable":true,"href":"https:\/\/rnoticias.com.mx\/Portal\/wp-json\/wp\/v2\/tags?post=224006"}],"curies":[{"name":"wp","href":"https:\/\/api.w.org\/{rel}","templated":true}]}}