{"id":224003,"date":"2025-07-10T19:53:51","date_gmt":"2025-07-11T02:53:51","guid":{"rendered":"https:\/\/rnoticias.com.mx\/Portal\/?p=224003"},"modified":"2025-07-10T19:53:51","modified_gmt":"2025-07-11T02:53:51","slug":"gobernador-durazo-inaugura-instalaciones-de-la-guardia-nacional-en-cajeme-suman-19-en-sonora","status":"publish","type":"post","link":"https:\/\/rnoticias.com.mx\/Portal\/2025\/07\/10\/gobernador-durazo-inaugura-instalaciones-de-la-guardia-nacional-en-cajeme-suman-19-en-sonora\/","title":{"rendered":"Gobernador Durazo inaugura instalaciones de la Guardia Nacional en Cajeme; suman 19 en Sonora"},"content":{"rendered":"<p align=\"left\">Cajeme, Sonora; 10 de julio de 2025.- Como parte del fortalecimiento de la estrategia de seguridad en Sonora, el gobernador Alfonso Durazo Monta\u00f1o encabez\u00f3 la inauguraci\u00f3n de las nuevas instalaciones de la Coordinaci\u00f3n de Batall\u00f3n de la Guardia Nacional en Cajeme, con capacidad para albergar a 500 elementos que contribuir\u00e1n a reforzar la paz y la tranquilidad en el sur de la entidad.<\/p>\n<p align=\"left\">El mandatario estatal, acompa\u00f1ado de Cris\u00f3foro Mart\u00ednez Parra, coordinador territorial de la Guardia Nacional regi\u00f3n Noroeste, y del general Anastasio Santos, coordinador estatal de la Guardia Nacional, reconoci\u00f3 el esfuerzo conjunto entre los tres niveles de gobierno que integran la Mesa Estatal de Seguridad para preservar la seguridad y la paz de las y los sonorenses.<\/p>\n<p align=\"left\">\u201cLa Guardia Nacional, a seis a\u00f1os de su creaci\u00f3n, puedo decir que es un ejemplo extraordinario de disciplina, de compromiso y del sentido del deber; y junto con su crecimiento en el estado de fuerza, que hoy supera los 120 mil elementos, se ha ido dotando de instalaciones como la que tenemos el orgullo y el honor de inaugurar el d\u00eda de hoy\u201d, afirm\u00f3.<\/p>\n<p align=\"left\">El gobernador Durazo Monta\u00f1o record\u00f3 que fue parte del equipo fundador de la Guardia Nacional durante su gesti\u00f3n como secretario de Seguridad y Protecci\u00f3n Ciudadana al inicio de la administraci\u00f3n del expresidente Andr\u00e9s Manuel L\u00f3pez Obrador, y subray\u00f3 que dicha corporaci\u00f3n representa una nueva etapa en la historia de la seguridad p\u00fablica en M\u00e9xico.<\/p>\n<p align=\"left\">El titular del Ejecutivo estatal expres\u00f3 su respeto y admiraci\u00f3n a las y los elementos de la Guardia Nacional por asumir con valent\u00eda y responsabilidad la defensa de la vida y la seguridad de las familias sonorenses.<\/p>\n<p align=\"left\">Con esta inauguraci\u00f3n, ya suman 19 instalaciones de la Guardia Nacional distribuidas estrat\u00e9gicamente en Sonora, como parte del esfuerzo coordinado entre el Gobierno de Sonora, la Secretar\u00eda de la Defensa Nacional (Sedena) y el Gobierno de M\u00e9xico para construir un entorno de seguridad y bienestar para todas y todos.<\/p>\n","protected":false},"excerpt":{"rendered":"<p>Cajeme, Sonora; 10 de julio de 2025.- Como parte del fortalecimiento de la estrategia de seguridad en Sonora, el gobernador Alfonso Durazo Monta\u00f1o encabez\u00f3 la inauguraci\u00f3n de las nuevas instalaciones de la Coordinaci\u00f3n de Batall\u00f3n de la Guardia Nacional en Cajeme, con capacidad para albergar a 500 elementos que contribuir\u00e1n a reforzar la paz y [&hellip;]<\/p>\n","protected":false},"author":2,"featured_media":224004,"comment_status":"closed","ping_status":"closed","sticky":false,"template":"","format":"standard","meta":{"footnotes":""},"categories":[12870,174],"tags":[12865,12873],"class_list":["post-224003","post","type-post","status-publish","format-standard","has-post-thumbnail","hentry","category-destacadas","category-estatal","tag-destacadas","tag-estatal"],"jetpack_featured_media_url":"https:\/\/rnoticias.com.mx\/Portal\/wp-content\/uploads\/2025\/07\/unnamed-1-19.jpg","amp_enabled":true,"_links":{"self":[{"href":"https:\/\/rnoticias.com.mx\/Portal\/wp-json\/wp\/v2\/posts\/224003","targetHints":{"allow":["GET"]}}],"collection":[{"href":"https:\/\/rnoticias.com.mx\/Portal\/wp-json\/wp\/v2\/posts"}],"about":[{"href":"https:\/\/rnoticias.com.mx\/Portal\/wp-json\/wp\/v2\/types\/post"}],"author":[{"embeddable":true,"href":"https:\/\/rnoticias.com.mx\/Portal\/wp-json\/wp\/v2\/users\/2"}],"replies":[{"embeddable":true,"href":"https:\/\/rnoticias.com.mx\/Portal\/wp-json\/wp\/v2\/comments?post=224003"}],"version-history":[{"count":1,"href":"https:\/\/rnoticias.com.mx\/Portal\/wp-json\/wp\/v2\/posts\/224003\/revisions"}],"predecessor-version":[{"id":224005,"href":"https:\/\/rnoticias.com.mx\/Portal\/wp-json\/wp\/v2\/posts\/224003\/revisions\/224005"}],"wp:featuredmedia":[{"embeddable":true,"href":"https:\/\/rnoticias.com.mx\/Portal\/wp-json\/wp\/v2\/media\/224004"}],"wp:attachment":[{"href":"https:\/\/rnoticias.com.mx\/Portal\/wp-json\/wp\/v2\/media?parent=224003"}],"wp:term":[{"taxonomy":"category","embeddable":true,"href":"https:\/\/rnoticias.com.mx\/Portal\/wp-json\/wp\/v2\/categories?post=224003"},{"taxonomy":"post_tag","embeddable":true,"href":"https:\/\/rnoticias.com.mx\/Portal\/wp-json\/wp\/v2\/tags?post=224003"}],"curies":[{"name":"wp","href":"https:\/\/api.w.org\/{rel}","templated":true}]}}