{"id":223997,"date":"2025-07-10T18:09:32","date_gmt":"2025-07-11T01:09:32","guid":{"rendered":"https:\/\/rnoticias.com.mx\/Portal\/?p=223997"},"modified":"2025-07-10T18:09:32","modified_gmt":"2025-07-11T01:09:32","slug":"gobernador-durazo-profesionaliza-con-el-plan-sonora-a-segunda-generacion-de-estudiantes-sonorenses-en-taiwan","status":"publish","type":"post","link":"https:\/\/rnoticias.com.mx\/Portal\/2025\/07\/10\/gobernador-durazo-profesionaliza-con-el-plan-sonora-a-segunda-generacion-de-estudiantes-sonorenses-en-taiwan\/","title":{"rendered":"Gobernador Durazo profesionaliza con el Plan Sonora a segunda generaci\u00f3n de estudiantes sonorenses en Taiw\u00e1n"},"content":{"rendered":"<p align=\"left\">Hermosillo, Sonora; 10 de julio de 2025.- El impulso que ha dado el gobernador Alfonso Durazo Monta\u00f1o a la profesionalizaci\u00f3n de j\u00f3venes sonorenses en la industria de la electromovilidad y los semiconductores, a trav\u00e9s del Plan Sonora de Energ\u00edas Sostenibles en su vertiente de talento humano, ha permitido consolidar la especializaci\u00f3n de dos generaciones de estudiantes en universidades de Taiw\u00e1n.<\/p>\n<p align=\"left\">En un encuentro con las y los 30 integrantes de la segunda generaci\u00f3n del Programa de Movilidad en Taiw\u00e1n, el mandatario estatal, acompa\u00f1ado por Allen Blue, representante de Foxconn en M\u00e9xico, y Francisco Acu\u00f1a M\u00e9ndez, presidente ejecutivo del Consejo para el Desarrollo Sostenible del Estado (Codeso), reiter\u00f3 el respaldo de su administraci\u00f3n para potenciar el desarrollo acad\u00e9mico y profesional de estudiantes de ingenier\u00eda de diversas instituciones de educaci\u00f3n superior, brind\u00e1ndoles herramientas adecuadas para forjar su futuro en la industria tecnol\u00f3gica.<\/p>\n<p align=\"left\">\u201cSon ustedes embajadores del estado de Sonora. Van a buscar, obviamente, su formaci\u00f3n, eso es lo fundamental, pero quiero que regresen como embajadores de una empresa taiwanesa, que al conocer a un sonorense, al respetarlo en t\u00e9rminos profesionales, personales y acad\u00e9micos, tengan la confianza para, en alg\u00fan momento, motivarse a invertir en nuestro estado\u201d, expres\u00f3 el gobernador Durazo.<\/p>\n<p align=\"left\">Durazo Monta\u00f1o subray\u00f3 que estos encuentros buscan proporcionar a las y los j\u00f3venes herramientas acad\u00e9micas, emocionales y culturales que fortalezcan su preparaci\u00f3n antes de viajar a Asia, a trav\u00e9s de la entrega de equipo de c\u00f3mputo y talleres enfocados en el dominio del idioma ingl\u00e9s, salud emocional, educaci\u00f3n financiera, electr\u00f3nica y motivaci\u00f3n personal.<\/p>\n<p align=\"left\">Por su parte, Francisco Acu\u00f1a M\u00e9ndez, titular de Codeso, se\u00f1al\u00f3 que esta generaci\u00f3n de estudiantes tuvo la oportunidad de reunirse con quienes los antecedieron en el programa, para conocer sus experiencias y comprender a fondo el Plan Sonora de Energ\u00edas Sostenibles.<\/p>\n<p align=\"left\">Ser\u00e1n 12 mujeres y 18 hombres quienes viajar\u00e1n a Taiw\u00e1n del 1 de septiembre de 2025 a junio de 2026. Estudian las ingenier\u00edas en mec\u00e1nica, mecatr\u00f3nica, industrial, sistemas, electromec\u00e1nica y electr\u00f3nica en instituciones como la Universidad de Sonora (Unison), Instituto Tecnol\u00f3gico de Hermosillo (ITH), Universidad de la Sierra (Unisierra), Tecnol\u00f3gico de Monterrey (ITESM), Instituto Tecnol\u00f3gico Superior de Cajeme (Itesca), Instituto Tecnol\u00f3gico de Nogales (ITN), Universidad Tecnol\u00f3gica de Guaymas (UTG), Instituto Tecnol\u00f3gico de Sonora (ITSON), Instituto Tecnol\u00f3gico Superior de Cananea (Itescan), Universidad Tecnol\u00f3gica de Hermosillo (UTH), Universidad Tecnol\u00f3gica de Nogales (UTN), Universidad Tecnol\u00f3gica de San Luis R\u00edo Colorado (UTSLRC), Universidad Estatal de Sonora (UES) y Universidad Kino (Unikino).<\/p>\n","protected":false},"excerpt":{"rendered":"<p>Hermosillo, Sonora; 10 de julio de 2025.- El impulso que ha dado el gobernador Alfonso Durazo Monta\u00f1o a la profesionalizaci\u00f3n de j\u00f3venes sonorenses en la industria de la electromovilidad y los semiconductores, a trav\u00e9s del Plan Sonora de Energ\u00edas Sostenibles en su vertiente de talento humano, ha permitido consolidar la especializaci\u00f3n de dos generaciones de [&hellip;]<\/p>\n","protected":false},"author":2,"featured_media":223998,"comment_status":"closed","ping_status":"closed","sticky":false,"template":"","format":"standard","meta":{"footnotes":""},"categories":[12870,178],"tags":[12865,12869],"class_list":["post-223997","post","type-post","status-publish","format-standard","has-post-thumbnail","hentry","category-destacadas","category-local","tag-destacadas","tag-local"],"jetpack_featured_media_url":"https:\/\/rnoticias.com.mx\/Portal\/wp-content\/uploads\/2025\/07\/unnamed-39.jpg","amp_enabled":true,"_links":{"self":[{"href":"https:\/\/rnoticias.com.mx\/Portal\/wp-json\/wp\/v2\/posts\/223997","targetHints":{"allow":["GET"]}}],"collection":[{"href":"https:\/\/rnoticias.com.mx\/Portal\/wp-json\/wp\/v2\/posts"}],"about":[{"href":"https:\/\/rnoticias.com.mx\/Portal\/wp-json\/wp\/v2\/types\/post"}],"author":[{"embeddable":true,"href":"https:\/\/rnoticias.com.mx\/Portal\/wp-json\/wp\/v2\/users\/2"}],"replies":[{"embeddable":true,"href":"https:\/\/rnoticias.com.mx\/Portal\/wp-json\/wp\/v2\/comments?post=223997"}],"version-history":[{"count":1,"href":"https:\/\/rnoticias.com.mx\/Portal\/wp-json\/wp\/v2\/posts\/223997\/revisions"}],"predecessor-version":[{"id":223999,"href":"https:\/\/rnoticias.com.mx\/Portal\/wp-json\/wp\/v2\/posts\/223997\/revisions\/223999"}],"wp:featuredmedia":[{"embeddable":true,"href":"https:\/\/rnoticias.com.mx\/Portal\/wp-json\/wp\/v2\/media\/223998"}],"wp:attachment":[{"href":"https:\/\/rnoticias.com.mx\/Portal\/wp-json\/wp\/v2\/media?parent=223997"}],"wp:term":[{"taxonomy":"category","embeddable":true,"href":"https:\/\/rnoticias.com.mx\/Portal\/wp-json\/wp\/v2\/categories?post=223997"},{"taxonomy":"post_tag","embeddable":true,"href":"https:\/\/rnoticias.com.mx\/Portal\/wp-json\/wp\/v2\/tags?post=223997"}],"curies":[{"name":"wp","href":"https:\/\/api.w.org\/{rel}","templated":true}]}}