{"id":223991,"date":"2025-07-10T17:53:49","date_gmt":"2025-07-11T00:53:49","guid":{"rendered":"https:\/\/rnoticias.com.mx\/Portal\/?p=223991"},"modified":"2025-07-10T17:53:49","modified_gmt":"2025-07-11T00:53:49","slug":"vinculado-a-proceso-imputado-por-violencia-familiar-en-guaymas","status":"publish","type":"post","link":"https:\/\/rnoticias.com.mx\/Portal\/2025\/07\/10\/vinculado-a-proceso-imputado-por-violencia-familiar-en-guaymas\/","title":{"rendered":"Vinculado a proceso imputado por violencia familiar en Guaymas"},"content":{"rendered":"<p>Guaymas, Sonora, 10 de julio de 2025.- La Fiscal\u00eda General de Justicia del Estado de Sonora (FGJES) obtuvo auto de vinculaci\u00f3n a proceso en contra de Henry Gerardo \u201cN\u201d, de 33 a\u00f1os, por su probable responsabilidad en el delito de violencia familiar equiparada, cometido en agravio de \u00c9dna Guadalupe \u201cN\u201d, de 30 a\u00f1os, su pareja sentimental, en Guaymas.<\/p>\n<p>De acuerdo con los datos de prueba presentados por esta representaci\u00f3n social, los hechos ocurrieron el pasado 4 de julio de 2025, entre las 11:00 y 12:00 horas, en el estacionamiento de un establecimiento comercial ubicado en calle 17 y calzada Agust\u00edn Garc\u00eda L\u00f3pez, colonia Centro, en Guaymas, Sonora.<\/p>\n<p>En dicho lugar, el imputado ejecut\u00f3 actos de poder intencionales, dirigidos a agredir verbal y psicoemocionalmente a la v\u00edctima, a quien profiri\u00f3 amenazas, gener\u00e1ndole un da\u00f1o emocional considerable.<\/p>\n<p>El imputado fue detenido por elementos de la Polic\u00eda Municipal y puesto a disposici\u00f3n del Agente Ministerio P\u00fablico, quien solicit\u00f3 la audiencia de control de detenci\u00f3n, donde, se formul\u00f3 imputaci\u00f3n, se vincul\u00f3 a proceso y se impuso como medida cautelar la prisi\u00f3n preventiva justificada.<\/p>\n<p>La Fiscal\u00eda General de Justicia del Estado de Sonora (FGJES) reitera su compromiso con la atenci\u00f3n integral y firmeza legal en los casos de violencia familiar, en especial cuando se trata de agresiones que afectan la integridad emocional y la dignidad de las v\u00edctimas.<\/p>\n","protected":false},"excerpt":{"rendered":"<p>Guaymas, Sonora, 10 de julio de 2025.- La Fiscal\u00eda General de Justicia del Estado de Sonora (FGJES) obtuvo auto de vinculaci\u00f3n a proceso en contra de Henry Gerardo \u201cN\u201d, de 33 a\u00f1os, por su probable responsabilidad en el delito de violencia familiar equiparada, cometido en agravio de \u00c9dna Guadalupe \u201cN\u201d, de 30 a\u00f1os, su pareja [&hellip;]<\/p>\n","protected":false},"author":2,"featured_media":223992,"comment_status":"closed","ping_status":"closed","sticky":false,"template":"","format":"standard","meta":{"footnotes":""},"categories":[12870,174],"tags":[12865,12873],"class_list":["post-223991","post","type-post","status-publish","format-standard","has-post-thumbnail","hentry","category-destacadas","category-estatal","tag-destacadas","tag-estatal"],"jetpack_featured_media_url":"https:\/\/rnoticias.com.mx\/Portal\/wp-content\/uploads\/2025\/07\/eb4eddc2-0933-4852-8ef4-184aecb8b2da.jpg","amp_enabled":true,"_links":{"self":[{"href":"https:\/\/rnoticias.com.mx\/Portal\/wp-json\/wp\/v2\/posts\/223991","targetHints":{"allow":["GET"]}}],"collection":[{"href":"https:\/\/rnoticias.com.mx\/Portal\/wp-json\/wp\/v2\/posts"}],"about":[{"href":"https:\/\/rnoticias.com.mx\/Portal\/wp-json\/wp\/v2\/types\/post"}],"author":[{"embeddable":true,"href":"https:\/\/rnoticias.com.mx\/Portal\/wp-json\/wp\/v2\/users\/2"}],"replies":[{"embeddable":true,"href":"https:\/\/rnoticias.com.mx\/Portal\/wp-json\/wp\/v2\/comments?post=223991"}],"version-history":[{"count":1,"href":"https:\/\/rnoticias.com.mx\/Portal\/wp-json\/wp\/v2\/posts\/223991\/revisions"}],"predecessor-version":[{"id":223993,"href":"https:\/\/rnoticias.com.mx\/Portal\/wp-json\/wp\/v2\/posts\/223991\/revisions\/223993"}],"wp:featuredmedia":[{"embeddable":true,"href":"https:\/\/rnoticias.com.mx\/Portal\/wp-json\/wp\/v2\/media\/223992"}],"wp:attachment":[{"href":"https:\/\/rnoticias.com.mx\/Portal\/wp-json\/wp\/v2\/media?parent=223991"}],"wp:term":[{"taxonomy":"category","embeddable":true,"href":"https:\/\/rnoticias.com.mx\/Portal\/wp-json\/wp\/v2\/categories?post=223991"},{"taxonomy":"post_tag","embeddable":true,"href":"https:\/\/rnoticias.com.mx\/Portal\/wp-json\/wp\/v2\/tags?post=223991"}],"curies":[{"name":"wp","href":"https:\/\/api.w.org\/{rel}","templated":true}]}}