{"id":223988,"date":"2025-07-10T17:52:56","date_gmt":"2025-07-11T00:52:56","guid":{"rendered":"https:\/\/rnoticias.com.mx\/Portal\/?p=223988"},"modified":"2025-07-10T17:52:56","modified_gmt":"2025-07-11T00:52:56","slug":"capturan-a-implicado-en-el-delito-de-abigeato-en-cumpas","status":"publish","type":"post","link":"https:\/\/rnoticias.com.mx\/Portal\/2025\/07\/10\/capturan-a-implicado-en-el-delito-de-abigeato-en-cumpas\/","title":{"rendered":"Capturan a implicado en el delito de abigeato en Cumpas"},"content":{"rendered":"<p>Cumpas, Sonora, 10 de julio de 2025.- La Agencia Ministerial de Investigaci\u00f3n Criminal (AMIC) captur\u00f3 a \u00c1ngel \u201cN\u201d, alias \u201cEl Wuico\u201d, de 51 a\u00f1os, por su probable responsabilidad en el delito de abigeato, en perjuicio de Julieta \u201cN\u201d, de 53 a\u00f1os, su hermana y albacea del ganado, patrimonio familiar.<\/p>\n<p>Los hechos que originaron la investigaci\u00f3n ocurrieron luego del fallecimiento del padre de ambos, cuando la v\u00edctima fue designada como albacea legal; sin embargo, el hoy imputado vendi\u00f3 cabezas de ganado sin contar con la autorizaci\u00f3n correspondiente.<\/p>\n<p>Lo anterior afect\u00f3 as\u00ed los intereses sucesorios de la denunciante; cabe destacar que \u00c1ngel \u201cN\u201d cuenta con registro penal por el mismo delito en 2023, lo que refuerza la l\u00ednea de investigaci\u00f3n.<\/p>\n<p>El mandato judicial fue cumplimentado por elementos de la AMIC en el predio El Jutachi, en el municipio de Cumpas, en el marco de una causa penal activa, tras su detenci\u00f3n, \u00c1ngel \u201cN\u201d fue ingresado al CERESO de Agua Prieta, donde qued\u00f3 a disposici\u00f3n del Juez que lo requiere.<\/p>\n<p>La Fiscal\u00eda General de Justicia del Estado de Sonora (FGJES) reafirma su compromiso con el combate a los delitos patrimoniales y con el ejercicio de la ley en defensa del estado de Derecho, particularmente en zonas rurales donde el abigeato afecta gravemente la econom\u00eda de las familias sonorenses.<\/p>\n","protected":false},"excerpt":{"rendered":"<p>Cumpas, Sonora, 10 de julio de 2025.- La Agencia Ministerial de Investigaci\u00f3n Criminal (AMIC) captur\u00f3 a \u00c1ngel \u201cN\u201d, alias \u201cEl Wuico\u201d, de 51 a\u00f1os, por su probable responsabilidad en el delito de abigeato, en perjuicio de Julieta \u201cN\u201d, de 53 a\u00f1os, su hermana y albacea del ganado, patrimonio familiar. Los hechos que originaron la investigaci\u00f3n [&hellip;]<\/p>\n","protected":false},"author":2,"featured_media":223989,"comment_status":"closed","ping_status":"closed","sticky":false,"template":"","format":"standard","meta":{"footnotes":""},"categories":[12870,174],"tags":[12865,12873],"class_list":["post-223988","post","type-post","status-publish","format-standard","has-post-thumbnail","hentry","category-destacadas","category-estatal","tag-destacadas","tag-estatal"],"jetpack_featured_media_url":"https:\/\/rnoticias.com.mx\/Portal\/wp-content\/uploads\/2025\/07\/59b8c24d-ade9-4f39-b297-389856f014e8.jpg","amp_enabled":true,"_links":{"self":[{"href":"https:\/\/rnoticias.com.mx\/Portal\/wp-json\/wp\/v2\/posts\/223988","targetHints":{"allow":["GET"]}}],"collection":[{"href":"https:\/\/rnoticias.com.mx\/Portal\/wp-json\/wp\/v2\/posts"}],"about":[{"href":"https:\/\/rnoticias.com.mx\/Portal\/wp-json\/wp\/v2\/types\/post"}],"author":[{"embeddable":true,"href":"https:\/\/rnoticias.com.mx\/Portal\/wp-json\/wp\/v2\/users\/2"}],"replies":[{"embeddable":true,"href":"https:\/\/rnoticias.com.mx\/Portal\/wp-json\/wp\/v2\/comments?post=223988"}],"version-history":[{"count":1,"href":"https:\/\/rnoticias.com.mx\/Portal\/wp-json\/wp\/v2\/posts\/223988\/revisions"}],"predecessor-version":[{"id":223990,"href":"https:\/\/rnoticias.com.mx\/Portal\/wp-json\/wp\/v2\/posts\/223988\/revisions\/223990"}],"wp:featuredmedia":[{"embeddable":true,"href":"https:\/\/rnoticias.com.mx\/Portal\/wp-json\/wp\/v2\/media\/223989"}],"wp:attachment":[{"href":"https:\/\/rnoticias.com.mx\/Portal\/wp-json\/wp\/v2\/media?parent=223988"}],"wp:term":[{"taxonomy":"category","embeddable":true,"href":"https:\/\/rnoticias.com.mx\/Portal\/wp-json\/wp\/v2\/categories?post=223988"},{"taxonomy":"post_tag","embeddable":true,"href":"https:\/\/rnoticias.com.mx\/Portal\/wp-json\/wp\/v2\/tags?post=223988"}],"curies":[{"name":"wp","href":"https:\/\/api.w.org\/{rel}","templated":true}]}}