{"id":223979,"date":"2025-07-10T16:45:36","date_gmt":"2025-07-10T23:45:36","guid":{"rendered":"https:\/\/rnoticias.com.mx\/Portal\/?p=223979"},"modified":"2025-07-10T16:45:36","modified_gmt":"2025-07-10T23:45:36","slug":"museo-de-mineria-ing-porfirio-padilla-lara-es-un-referente-educativo","status":"publish","type":"post","link":"https:\/\/rnoticias.com.mx\/Portal\/2025\/07\/10\/museo-de-mineria-ing-porfirio-padilla-lara-es-un-referente-educativo\/","title":{"rendered":"Museo de Miner\u00eda Ing. Porfirio Padilla Lara es un referente educativo"},"content":{"rendered":"<p style=\"font-weight: 400;\"><strong>Hermosillo, Sonora; julio 10 de 2025.-\u00a0<\/strong>Se posiciona como referente educativo el Museo de Miner\u00eda Ing. Porfirio Padilla Lara, al recibir 4 mil 100 visitantes en los dos primeros a\u00f1os de operaci\u00f3n, resalt\u00f3 David Ramos F\u00e9lix.<\/p>\n<p style=\"font-weight: 400;\">\n<p style=\"font-weight: 400;\">El presidente de la Asociaci\u00f3n de Ingenieros de Minas Metalurgistas y Ge\u00f3logos de M\u00e9xico (AIMMGM) Distrito Sonora, celebr\u00f3 que, a trav\u00e9s de este espacio gratuito, se est\u00e1 creando un v\u00ednculo entre la miner\u00eda y la comunidad.<\/p>\n<p style=\"font-weight: 400;\">\n<p style=\"font-weight: 400;\">\u201cNos da mucho gusto que estudiantes de distintas escuelas; integrantes de Casas Hogar y de Asociaciones; visitantes a bordo del Troleb\u00fas de Hermosillo; familias; la sociedad en general visiten este museo de miner\u00eda, un lugar donde observan diferentes muestras de minerales y aprenden sobre su uso en la vida diaria\u201d, resalt\u00f3 Ramos F\u00e9lix.<\/p>\n<p style=\"font-weight: 400;\">\n<p style=\"font-weight: 400;\">Elizabeth Araux S\u00e1nchez, responsable del museo, detall\u00f3 que inicialmente se contaba con alrededor de 130 muestras exhibidas, actualmente estas superan las 170, adem\u00e1s de contar con dos exposiciones fotogr\u00e1ficas relacionadas con el sector minero.<\/p>\n<p style=\"font-weight: 400;\">\n<p style=\"font-weight: 400;\">\u201cTodas las muestras con las que contamos han sido facilitadas por los mismos asociados con la finalidad de que la comunidad venga, las aprecie y aprenda sobre sus caracter\u00edsticas y propiedades. Hay que recordar que la miner\u00eda est\u00e1 presente en la vida diaria en cada uno de los objetos con los que convivimos, desde que nos despertamos hasta que nos dormimos\u201d, subray\u00f3.<\/p>\n<p style=\"font-weight: 400;\">\n<p style=\"font-weight: 400;\">Record\u00f3 que el museo abri\u00f3 sus puertas el 10 de julio de 2023 en el marco del D\u00eda del Minero y a la fecha ha tenido muy buena aceptaci\u00f3n ciudadana, quienes han observado minerales como cuarzos; selenita; cobre nativo; oro; wollastonita; pirita; y grafito.<\/p>\n<p style=\"font-weight: 400;\">\n<p style=\"font-weight: 400;\">Araux S\u00e1nchez invit\u00f3 a la poblaci\u00f3n en general a visitar el museo ubicado en la calle Tabasco 191, esquina con Guadalupe Victoria, en la colonia San Benito, en un horario de lunes a viernes de 9:00 \u2013 13:00 hrs\u00a0 y de 14:00 \u2013 17:00 hrs, adem\u00e1s los domingos de julio y agosto de 18:00 \u2013 19:00 hrs; el acceso es gratuito; tambi\u00e9n dijo, pueden visitar la p\u00e1gina electr\u00f3nica\u00a0<a href=\"http:\/\/www.museodemineriahermosillo.com\/\" data-saferedirecturl=\"https:\/\/www.google.com\/url?q=http:\/\/www.museodemineriahermosillo.com&amp;source=gmail&amp;ust=1752271765392000&amp;usg=AOvVaw3ffIJ2zsNZw9G80vjA-h8A\">www.museodemineriahermosillo.com<\/a>\u00a0en la que encontrar\u00e1n fotograf\u00edas y videos de las distintas colecciones de minerales, as\u00ed como tambi\u00e9n art\u00edculos informativos de inter\u00e9s general.<\/p>\n<p style=\"font-weight: 400;\">\n","protected":false},"excerpt":{"rendered":"<p>Hermosillo, Sonora; julio 10 de 2025.-\u00a0Se posiciona como referente educativo el Museo de Miner\u00eda Ing. Porfirio Padilla Lara, al recibir 4 mil 100 visitantes en los dos primeros a\u00f1os de operaci\u00f3n, resalt\u00f3 David Ramos F\u00e9lix. El presidente de la Asociaci\u00f3n de Ingenieros de Minas Metalurgistas y Ge\u00f3logos de M\u00e9xico (AIMMGM) Distrito Sonora, celebr\u00f3 que, a [&hellip;]<\/p>\n","protected":false},"author":2,"featured_media":223980,"comment_status":"closed","ping_status":"closed","sticky":false,"template":"","format":"standard","meta":{"footnotes":""},"categories":[12870,178],"tags":[12865,12869],"class_list":["post-223979","post","type-post","status-publish","format-standard","has-post-thumbnail","hentry","category-destacadas","category-local","tag-destacadas","tag-local"],"jetpack_featured_media_url":"https:\/\/rnoticias.com.mx\/Portal\/wp-content\/uploads\/2025\/07\/8-scaled.jpeg","amp_enabled":true,"_links":{"self":[{"href":"https:\/\/rnoticias.com.mx\/Portal\/wp-json\/wp\/v2\/posts\/223979","targetHints":{"allow":["GET"]}}],"collection":[{"href":"https:\/\/rnoticias.com.mx\/Portal\/wp-json\/wp\/v2\/posts"}],"about":[{"href":"https:\/\/rnoticias.com.mx\/Portal\/wp-json\/wp\/v2\/types\/post"}],"author":[{"embeddable":true,"href":"https:\/\/rnoticias.com.mx\/Portal\/wp-json\/wp\/v2\/users\/2"}],"replies":[{"embeddable":true,"href":"https:\/\/rnoticias.com.mx\/Portal\/wp-json\/wp\/v2\/comments?post=223979"}],"version-history":[{"count":1,"href":"https:\/\/rnoticias.com.mx\/Portal\/wp-json\/wp\/v2\/posts\/223979\/revisions"}],"predecessor-version":[{"id":223981,"href":"https:\/\/rnoticias.com.mx\/Portal\/wp-json\/wp\/v2\/posts\/223979\/revisions\/223981"}],"wp:featuredmedia":[{"embeddable":true,"href":"https:\/\/rnoticias.com.mx\/Portal\/wp-json\/wp\/v2\/media\/223980"}],"wp:attachment":[{"href":"https:\/\/rnoticias.com.mx\/Portal\/wp-json\/wp\/v2\/media?parent=223979"}],"wp:term":[{"taxonomy":"category","embeddable":true,"href":"https:\/\/rnoticias.com.mx\/Portal\/wp-json\/wp\/v2\/categories?post=223979"},{"taxonomy":"post_tag","embeddable":true,"href":"https:\/\/rnoticias.com.mx\/Portal\/wp-json\/wp\/v2\/tags?post=223979"}],"curies":[{"name":"wp","href":"https:\/\/api.w.org\/{rel}","templated":true}]}}