{"id":223887,"date":"2025-07-09T18:56:52","date_gmt":"2025-07-10T01:56:52","guid":{"rendered":"https:\/\/rnoticias.com.mx\/Portal\/?p=223887"},"modified":"2025-07-09T18:56:52","modified_gmt":"2025-07-10T01:56:52","slug":"mediante-procedimiento-abreviado-sentencia-a-sujeto-a-3-anos-de-prision-por-allanamiento-de-morada-en-empalme","status":"publish","type":"post","link":"https:\/\/rnoticias.com.mx\/Portal\/2025\/07\/09\/mediante-procedimiento-abreviado-sentencia-a-sujeto-a-3-anos-de-prision-por-allanamiento-de-morada-en-empalme\/","title":{"rendered":"Mediante procedimiento abreviado sentencia a sujeto a 3 a\u00f1os de prisi\u00f3n por allanamiento de morada en Empalme"},"content":{"rendered":"<p>Empalme, Sonora, 9 de julio de 2025.- La Fiscal\u00eda General de Justicia del Estado de Sonora (FGJES) obtuvo sentencia condenatoria de 3 a\u00f1os y 1 mes de prisi\u00f3n contra Miguel Ervey \u201cN\u201d, de 49 a\u00f1os, quien acept\u00f3 su responsabilidad penal mediante procedimiento abreviado por el delito de allanamiento de morada en agravio de Anabel Guadalupe \u201cN\u201d, en Empalme, Sonora.<\/p>\n<p>Las pruebas recadas para la carpeta de investigaci\u00f3n determinaron que el delito lo cometi\u00f3 el s\u00e1bado 7 de diciembre de 2024, alrededor de las 04:10 horas, cuando el imputado, sin causa justificada y sin autorizaci\u00f3n, ingres\u00f3 al patio de una vivienda habitada ubicada en la colonia Bah\u00eda del Sol.<\/p>\n<p>El sujeto intent\u00f3 abrir la puerta principal sin \u00e9xito, as\u00ed como una segunda puerta por la parte del callej\u00f3n, misma que se encontraba asegurada con candado; al escuchar los gritos de auxilio de la v\u00edctima, el imputado se retir\u00f3 del lugar.<\/p>\n<p>La sentencia fue resultado de un procedimiento abreviado, con el cual se agiliza el proceso judicial, garantizando justicia pronta y efectiva para la v\u00edctima.<\/p>\n<p>La Fiscal\u00eda General de Justicia del Estado de Sonora (FGJES) ratifica su compromiso institucional de investigar y sancionar todo acto que atente contra la seguridad y tranquilidad de las personas dentro de su propio hogar, garantizando el acceso a la justicia con pleno respeto a los derechos de las v\u00edctimas.<\/p>\n","protected":false},"excerpt":{"rendered":"<p>Empalme, Sonora, 9 de julio de 2025.- La Fiscal\u00eda General de Justicia del Estado de Sonora (FGJES) obtuvo sentencia condenatoria de 3 a\u00f1os y 1 mes de prisi\u00f3n contra Miguel Ervey \u201cN\u201d, de 49 a\u00f1os, quien acept\u00f3 su responsabilidad penal mediante procedimiento abreviado por el delito de allanamiento de morada en agravio de Anabel Guadalupe [&hellip;]<\/p>\n","protected":false},"author":2,"featured_media":223888,"comment_status":"closed","ping_status":"closed","sticky":false,"template":"","format":"standard","meta":{"footnotes":""},"categories":[12870,174],"tags":[12865,12873],"class_list":["post-223887","post","type-post","status-publish","format-standard","has-post-thumbnail","hentry","category-destacadas","category-estatal","tag-destacadas","tag-estatal"],"jetpack_featured_media_url":"https:\/\/rnoticias.com.mx\/Portal\/wp-content\/uploads\/2025\/07\/9f6492b6-9bc4-45d7-b5ac-835adff2acaf.jpg","amp_enabled":true,"_links":{"self":[{"href":"https:\/\/rnoticias.com.mx\/Portal\/wp-json\/wp\/v2\/posts\/223887","targetHints":{"allow":["GET"]}}],"collection":[{"href":"https:\/\/rnoticias.com.mx\/Portal\/wp-json\/wp\/v2\/posts"}],"about":[{"href":"https:\/\/rnoticias.com.mx\/Portal\/wp-json\/wp\/v2\/types\/post"}],"author":[{"embeddable":true,"href":"https:\/\/rnoticias.com.mx\/Portal\/wp-json\/wp\/v2\/users\/2"}],"replies":[{"embeddable":true,"href":"https:\/\/rnoticias.com.mx\/Portal\/wp-json\/wp\/v2\/comments?post=223887"}],"version-history":[{"count":1,"href":"https:\/\/rnoticias.com.mx\/Portal\/wp-json\/wp\/v2\/posts\/223887\/revisions"}],"predecessor-version":[{"id":223889,"href":"https:\/\/rnoticias.com.mx\/Portal\/wp-json\/wp\/v2\/posts\/223887\/revisions\/223889"}],"wp:featuredmedia":[{"embeddable":true,"href":"https:\/\/rnoticias.com.mx\/Portal\/wp-json\/wp\/v2\/media\/223888"}],"wp:attachment":[{"href":"https:\/\/rnoticias.com.mx\/Portal\/wp-json\/wp\/v2\/media?parent=223887"}],"wp:term":[{"taxonomy":"category","embeddable":true,"href":"https:\/\/rnoticias.com.mx\/Portal\/wp-json\/wp\/v2\/categories?post=223887"},{"taxonomy":"post_tag","embeddable":true,"href":"https:\/\/rnoticias.com.mx\/Portal\/wp-json\/wp\/v2\/tags?post=223887"}],"curies":[{"name":"wp","href":"https:\/\/api.w.org\/{rel}","templated":true}]}}