{"id":223882,"date":"2025-07-09T18:48:39","date_gmt":"2025-07-10T01:48:39","guid":{"rendered":"https:\/\/rnoticias.com.mx\/Portal\/?p=223882"},"modified":"2025-07-09T18:54:29","modified_gmt":"2025-07-10T01:54:29","slug":"fgjes-ejecuta-orden-de-aprehension-en-contra-del-presunto-responsable-de-robo-con-violencia-en-iglesia-de-san-fernando","status":"publish","type":"post","link":"https:\/\/rnoticias.com.mx\/Portal\/2025\/07\/09\/fgjes-ejecuta-orden-de-aprehension-en-contra-del-presunto-responsable-de-robo-con-violencia-en-iglesia-de-san-fernando\/","title":{"rendered":"FGJES ejecuta orden de aprehensi\u00f3n en contra del presunto responsable de robo con violencia en iglesia de San Fernando"},"content":{"rendered":"<p>Guaymas, Sonora, 9 de julio de 2025.- La Fiscal\u00eda General de Justicia del Estado de Sonora (FGJES) informa que se logr\u00f3 la detenci\u00f3n de Carlos Ernesto \u201cN\u201d, alias \u201cEl Calone\u201d, se\u00f1alado como probable responsable de los delitos de robo con violencia en las personas, cometidos en perjuicio de Felipe de Jes\u00fas \u201cN\u201d, durante su arribo a la parroquia de San Fernando, ubicada en esta ciudad.<\/p>\n<p>Los hechos ocurrieron el viernes 4 de julio del a\u00f1o en curso, aproximadamente a las 6:15 horas, cuando el religioso ingresaba a su lugar de culto. En ese momento, un masculino, complexi\u00f3n robusta y tez morena lo abord\u00f3 para despojarlo de su billetera y tel\u00e9fono celular, para despu\u00e9s tirar al suelo al sacerdote.<\/p>\n<p>Las primeras investigaciones permitieron obtener im\u00e1genes captadas en el lugar del suceso, en las que se identific\u00f3 con claridad al probable responsable.<\/p>\n<p>Mediante diversos actos de investigaci\u00f3n, entre ellos an\u00e1lisis de videovigilancia y recopilaci\u00f3n de testimonios, se determin\u00f3 la identidad del imputado, posteriormente, se solicit\u00f3 ante el Juez correspondiente el mandamiento judicial de captura, el cual fue librado y ejecutado por elementos de la Agencia Ministerial de Investigaci\u00f3n Criminal (AMIC), esto con el apoyo de la corporaci\u00f3n de Seguridad P\u00fablica Municipal.<\/p>\n<p>Tras ser detenido, Carlos Ernesto \u201cN\u201d fue ingresado en el Centro de Reinserci\u00f3n Social (CERESO) local, quedando a disposici\u00f3n del Juez; este resultado refrenda el compromiso institucional de la FGJES con la protecci\u00f3n de la integridad f\u00edsica de las personas y la persecuci\u00f3n de quienes atentan contra la seguridad ciudadana.<\/p>\n","protected":false},"excerpt":{"rendered":"<p>Guaymas, Sonora, 9 de julio de 2025.- La Fiscal\u00eda General de Justicia del Estado de Sonora (FGJES) informa que se logr\u00f3 la detenci\u00f3n de Carlos Ernesto \u201cN\u201d, alias \u201cEl Calone\u201d, se\u00f1alado como probable responsable de los delitos de robo con violencia en las personas, cometidos en perjuicio de Felipe de Jes\u00fas \u201cN\u201d, durante su arribo [&hellip;]<\/p>\n","protected":false},"author":2,"featured_media":223886,"comment_status":"closed","ping_status":"closed","sticky":false,"template":"","format":"standard","meta":{"footnotes":""},"categories":[12870,174],"tags":[12865,12873],"class_list":["post-223882","post","type-post","status-publish","format-standard","has-post-thumbnail","hentry","category-destacadas","category-estatal","tag-destacadas","tag-estatal"],"jetpack_featured_media_url":"https:\/\/rnoticias.com.mx\/Portal\/wp-content\/uploads\/2025\/07\/3c3e07f2-f21d-4701-b406-6a54f5b21403-1.jpg","amp_enabled":true,"_links":{"self":[{"href":"https:\/\/rnoticias.com.mx\/Portal\/wp-json\/wp\/v2\/posts\/223882","targetHints":{"allow":["GET"]}}],"collection":[{"href":"https:\/\/rnoticias.com.mx\/Portal\/wp-json\/wp\/v2\/posts"}],"about":[{"href":"https:\/\/rnoticias.com.mx\/Portal\/wp-json\/wp\/v2\/types\/post"}],"author":[{"embeddable":true,"href":"https:\/\/rnoticias.com.mx\/Portal\/wp-json\/wp\/v2\/users\/2"}],"replies":[{"embeddable":true,"href":"https:\/\/rnoticias.com.mx\/Portal\/wp-json\/wp\/v2\/comments?post=223882"}],"version-history":[{"count":1,"href":"https:\/\/rnoticias.com.mx\/Portal\/wp-json\/wp\/v2\/posts\/223882\/revisions"}],"predecessor-version":[{"id":223884,"href":"https:\/\/rnoticias.com.mx\/Portal\/wp-json\/wp\/v2\/posts\/223882\/revisions\/223884"}],"wp:featuredmedia":[{"embeddable":true,"href":"https:\/\/rnoticias.com.mx\/Portal\/wp-json\/wp\/v2\/media\/223886"}],"wp:attachment":[{"href":"https:\/\/rnoticias.com.mx\/Portal\/wp-json\/wp\/v2\/media?parent=223882"}],"wp:term":[{"taxonomy":"category","embeddable":true,"href":"https:\/\/rnoticias.com.mx\/Portal\/wp-json\/wp\/v2\/categories?post=223882"},{"taxonomy":"post_tag","embeddable":true,"href":"https:\/\/rnoticias.com.mx\/Portal\/wp-json\/wp\/v2\/tags?post=223882"}],"curies":[{"name":"wp","href":"https:\/\/api.w.org\/{rel}","templated":true}]}}