{"id":223870,"date":"2025-07-09T18:43:04","date_gmt":"2025-07-10T01:43:04","guid":{"rendered":"https:\/\/rnoticias.com.mx\/Portal\/?p=223870"},"modified":"2025-07-09T18:43:04","modified_gmt":"2025-07-10T01:43:04","slug":"corte-suprema-niega-a-florida-implementar-ley-migratoria-dirigida-a-personas-en-eeuu-ilegalmente","status":"publish","type":"post","link":"https:\/\/rnoticias.com.mx\/Portal\/2025\/07\/09\/corte-suprema-niega-a-florida-implementar-ley-migratoria-dirigida-a-personas-en-eeuu-ilegalmente\/","title":{"rendered":"Corte Suprema niega a Florida implementar ley migratoria dirigida a personas en EEUU ilegalmente"},"content":{"rendered":"<p>La Corte Suprema de Estados Unidos rechaz\u00f3 el mi\u00e9rcoles permitir que\u00a0<strong>Florida\u00a0<\/strong>implementara una ley de inmigraci\u00f3n que convierte en delito que las personas que viven ilegalmente en el pa\u00eds ingresen al estado.<\/p>\n<p>La acci\u00f3n del m\u00e1ximo tribunal estadounidense mantendr\u00e1 la ley en pausa mientras contin\u00faa una impugnaci\u00f3n. La corte no explic\u00f3 su decisi\u00f3n y ning\u00fan juez se\u00f1al\u00f3 un desacuerdo.<\/p>\n<p>El gobernador de Florida,\u00a0<strong>Ron DeSantis,<\/strong>\u00a0promulg\u00f3 la ley en febrero en apoyo al impulso del presidente Donald Trump para tomar medidas en\u00e9rgicas contra la inmigraci\u00f3n ilegal, aunque muchos de los esfuerzos del presidente republicano se han visto envueltos en batallas jur\u00eddicas.<\/p>\n<div id=\"eldia-1215557456\" class=\"eldia-contenido eldia-target\" data-eldia-trackid=\"1573641\" data-eldia-trackbid=\"1\"><\/div>\n<div id=\"eldia-2239440518\" class=\"eldia-contenido-2 eldia-target\" data-eldia-trackid=\"1765657\" data-eldia-trackbid=\"1\"><\/div>\n<p>La ley de Florida convert\u00eda en un delito menor que las personas ingresaran al estado si no tienen un estatus legal. La medida es similar a una ley de Texas que tambi\u00e9n ha sido bloqueada por un tribunal federal de apelaciones.<\/p>\n<p>Grupos defensores de derechos de inmigrantes presentaron demandas en nombre de dos inmigrantes no identificados, radicados en Florida y que viven ilegalmente en Estados Unidos, argumentando que la inmigraci\u00f3n es un asunto federal que excede el poder de los estados. La apelaci\u00f3n presentada por el fiscal general de Florida, James Uthmeier, ante la Corte Suprema dec\u00eda que el estado tiene derecho a usar la ley para protegerse del \u201cda\u00f1o irreparable\u201d de la inmigraci\u00f3n ilegal.<\/p>\n<p>La jueza federal de distrito,\u00a0<strong>Kathleen Williams<\/strong>, prohibi\u00f3 la implementaci\u00f3n de la nueva ley en abril. Posteriormente, la oficina de Uthmeier solicit\u00f3 sin \u00e9xito al Tribunal de Apelaciones del 11mo Circuito de Estados Unidos que anulara esa decisi\u00f3n.<\/p>\n<div class=\"stream-item stream-item-in-post stream-item-inline-post aligncenter\">\n<div class=\"stream-item-size\"><\/div>\n<\/div>\n<p>La orden del mi\u00e9rcoles es el rev\u00e9s m\u00e1s reciente para\u00a0<strong>Uthmeier\u00a0<\/strong>en una batalla de meses. En junio, Williams encontr\u00f3 al designado por DeSantis en desacato por instruir a los agentes a continuar aplicando la nueva ley a pesar de las \u00f3rdenes de la jueza de detener su implementaci\u00f3n.<\/p>\n<p><strong><em>\u201cSi ser declarado en desacato es el costo de defender el estado de derecho y apoyar firmemente la agenda del presidente Trump sobre la inmigraci\u00f3n ilegal, que as\u00ed sea\u201d,<\/em><\/strong>\u00a0public\u00f3 Uthmeier en las redes sociales.<\/p>\n<p>Uthmeier, a quien DeSantis eligi\u00f3 para el cargo en febrero, tambi\u00e9n ha sido reconocido por defender un nuevo centro de detenci\u00f3n de inmigraci\u00f3n administrado por el estado, apodado el \u201c<strong><em>Alcatraz de los Caimanes\u201d.<\/em><\/strong>\u00a0Grupos ambientalistas entablaron una demanda en junio para bloquear la construcci\u00f3n de la instalaci\u00f3n.<\/p>\n<p>&nbsp;<\/p>\n<p>AP<\/p>\n","protected":false},"excerpt":{"rendered":"<p>La Corte Suprema de Estados Unidos rechaz\u00f3 el mi\u00e9rcoles permitir que\u00a0Florida\u00a0implementara una ley de inmigraci\u00f3n que convierte en delito que las personas que viven ilegalmente en el pa\u00eds ingresen al estado. La acci\u00f3n del m\u00e1ximo tribunal estadounidense mantendr\u00e1 la ley en pausa mientras contin\u00faa una impugnaci\u00f3n. La corte no explic\u00f3 su decisi\u00f3n y ning\u00fan juez [&hellip;]<\/p>\n","protected":false},"author":2,"featured_media":223871,"comment_status":"closed","ping_status":"closed","sticky":false,"template":"","format":"standard","meta":{"footnotes":""},"categories":[12870,182],"tags":[12865,12871],"class_list":["post-223870","post","type-post","status-publish","format-standard","has-post-thumbnail","hentry","category-destacadas","category-internacional","tag-destacadas","tag-internacional"],"jetpack_featured_media_url":"https:\/\/rnoticias.com.mx\/Portal\/wp-content\/uploads\/2025\/07\/images-6.jpg","amp_enabled":true,"_links":{"self":[{"href":"https:\/\/rnoticias.com.mx\/Portal\/wp-json\/wp\/v2\/posts\/223870","targetHints":{"allow":["GET"]}}],"collection":[{"href":"https:\/\/rnoticias.com.mx\/Portal\/wp-json\/wp\/v2\/posts"}],"about":[{"href":"https:\/\/rnoticias.com.mx\/Portal\/wp-json\/wp\/v2\/types\/post"}],"author":[{"embeddable":true,"href":"https:\/\/rnoticias.com.mx\/Portal\/wp-json\/wp\/v2\/users\/2"}],"replies":[{"embeddable":true,"href":"https:\/\/rnoticias.com.mx\/Portal\/wp-json\/wp\/v2\/comments?post=223870"}],"version-history":[{"count":1,"href":"https:\/\/rnoticias.com.mx\/Portal\/wp-json\/wp\/v2\/posts\/223870\/revisions"}],"predecessor-version":[{"id":223872,"href":"https:\/\/rnoticias.com.mx\/Portal\/wp-json\/wp\/v2\/posts\/223870\/revisions\/223872"}],"wp:featuredmedia":[{"embeddable":true,"href":"https:\/\/rnoticias.com.mx\/Portal\/wp-json\/wp\/v2\/media\/223871"}],"wp:attachment":[{"href":"https:\/\/rnoticias.com.mx\/Portal\/wp-json\/wp\/v2\/media?parent=223870"}],"wp:term":[{"taxonomy":"category","embeddable":true,"href":"https:\/\/rnoticias.com.mx\/Portal\/wp-json\/wp\/v2\/categories?post=223870"},{"taxonomy":"post_tag","embeddable":true,"href":"https:\/\/rnoticias.com.mx\/Portal\/wp-json\/wp\/v2\/tags?post=223870"}],"curies":[{"name":"wp","href":"https:\/\/api.w.org\/{rel}","templated":true}]}}