{"id":223854,"date":"2025-07-09T12:19:49","date_gmt":"2025-07-09T19:19:49","guid":{"rendered":"https:\/\/rnoticias.com.mx\/Portal\/?p=223854"},"modified":"2025-07-09T12:19:49","modified_gmt":"2025-07-09T19:19:49","slug":"mar-contreras-es-la-quinta-confirmada-para-la-casa-de-los-famosos-mexico-3","status":"publish","type":"post","link":"https:\/\/rnoticias.com.mx\/Portal\/2025\/07\/09\/mar-contreras-es-la-quinta-confirmada-para-la-casa-de-los-famosos-mexico-3\/","title":{"rendered":"Mar Contreras es la quinta confirmada para La Casa de los Famosos M\u00e9xico 3"},"content":{"rendered":"<p><strong>Este mi\u00e9rcoles 9 de julio, la producci\u00f3n de La Casa de los Famosos M\u00e9xico revel\u00f3 en el programa Hoy que la cantante y actriz Mar Contreras es la quinta participante confirmada de su tercera edici\u00f3n, que se estrenar\u00e1 en las pr\u00f3ximas semanas.<\/strong><\/p>\n<p>Durante su presentaci\u00f3n, Contreras confes\u00f3 que se encontraba menos nerviosa de lo que se imaginaba previamente.\u00a0<strong><em>\u201cUn poquito, la verdad pens\u00e9 estar m\u00e1s, estoy muy tranquila, me siento como en mi mero mole\u201d,\u00a0<\/em><\/strong>expres\u00f3.<\/p>\n<p><strong>Mar Contreras, originaria de Culiac\u00e1n, Sinaloa, salt\u00f3 a la fama tras su participaci\u00f3n en Operaci\u00f3n Triunfo (2002), donde obtuvo el s\u00e9ptimo lugar, y m\u00e1s tarde form\u00f3 parte del grupo musical S\u00f3lo 5. En su faceta como actriz ha intervenido en telenovelas reconocidas como Teresa, La que no pod\u00eda amar y Cabo, adem\u00e1s de incursionar en cine y teatro.<\/strong><\/p>\n<p>Su entrada al reality de competencia se suma a un elenco muy heterog\u00e9neo, que ya incluye a figuras como Facundo G\u00f3mez (conductor y comediante), Olivia Collins (actriz veterana), Aar\u00f3n Mercury (influencer) y Alexis Ayala (actor de telenovelas).<\/p>\n<p>Esta producci\u00f3n ya anticipa que la combinaci\u00f3n de personalidades j\u00f3venes, tradicionales y medi\u00e1ticas buscar\u00e1 generar momentos intensos y entretenimiento variado, en una edici\u00f3n que promete mucha expectativa y confrontaci\u00f3n.<\/p>\n<p><strong>El estreno oficial ser\u00e1 el 27 de julio a las 20:30\u202fhrs, con Galilea Montijo como presentadora principal, acompa\u00f1ada por Odalys Ram\u00edrez y Diego de Erice. En tanto, Wendy Guevara y Ricardo Margaleff conducir\u00e1n las emisiones digitales por ViX.<\/strong><\/p>\n<div class=\"stream-item-size\"><\/div>\n<div>Agencia M\u00e9xico<\/div>\n","protected":false},"excerpt":{"rendered":"<p>Este mi\u00e9rcoles 9 de julio, la producci\u00f3n de La Casa de los Famosos M\u00e9xico revel\u00f3 en el programa Hoy que la cantante y actriz Mar Contreras es la quinta participante confirmada de su tercera edici\u00f3n, que se estrenar\u00e1 en las pr\u00f3ximas semanas. Durante su presentaci\u00f3n, Contreras confes\u00f3 que se encontraba menos nerviosa de lo que [&hellip;]<\/p>\n","protected":false},"author":2,"featured_media":223855,"comment_status":"closed","ping_status":"closed","sticky":false,"template":"","format":"standard","meta":{"footnotes":""},"categories":[12870,219],"tags":[12865,12875],"class_list":["post-223854","post","type-post","status-publish","format-standard","has-post-thumbnail","hentry","category-destacadas","category-espectaculos","tag-destacadas","tag-espectaculos"],"jetpack_featured_media_url":"https:\/\/rnoticias.com.mx\/Portal\/wp-content\/uploads\/2025\/07\/mar-contreras-nuevo-habitante-casa-famosos.jpeg","amp_enabled":true,"_links":{"self":[{"href":"https:\/\/rnoticias.com.mx\/Portal\/wp-json\/wp\/v2\/posts\/223854","targetHints":{"allow":["GET"]}}],"collection":[{"href":"https:\/\/rnoticias.com.mx\/Portal\/wp-json\/wp\/v2\/posts"}],"about":[{"href":"https:\/\/rnoticias.com.mx\/Portal\/wp-json\/wp\/v2\/types\/post"}],"author":[{"embeddable":true,"href":"https:\/\/rnoticias.com.mx\/Portal\/wp-json\/wp\/v2\/users\/2"}],"replies":[{"embeddable":true,"href":"https:\/\/rnoticias.com.mx\/Portal\/wp-json\/wp\/v2\/comments?post=223854"}],"version-history":[{"count":1,"href":"https:\/\/rnoticias.com.mx\/Portal\/wp-json\/wp\/v2\/posts\/223854\/revisions"}],"predecessor-version":[{"id":223856,"href":"https:\/\/rnoticias.com.mx\/Portal\/wp-json\/wp\/v2\/posts\/223854\/revisions\/223856"}],"wp:featuredmedia":[{"embeddable":true,"href":"https:\/\/rnoticias.com.mx\/Portal\/wp-json\/wp\/v2\/media\/223855"}],"wp:attachment":[{"href":"https:\/\/rnoticias.com.mx\/Portal\/wp-json\/wp\/v2\/media?parent=223854"}],"wp:term":[{"taxonomy":"category","embeddable":true,"href":"https:\/\/rnoticias.com.mx\/Portal\/wp-json\/wp\/v2\/categories?post=223854"},{"taxonomy":"post_tag","embeddable":true,"href":"https:\/\/rnoticias.com.mx\/Portal\/wp-json\/wp\/v2\/tags?post=223854"}],"curies":[{"name":"wp","href":"https:\/\/api.w.org\/{rel}","templated":true}]}}