{"id":223848,"date":"2025-07-09T08:46:41","date_gmt":"2025-07-09T15:46:41","guid":{"rendered":"https:\/\/rnoticias.com.mx\/Portal\/?p=223848"},"modified":"2025-07-09T08:46:41","modified_gmt":"2025-07-09T15:46:41","slug":"declara-ine-improcedente-medida-cautelar-solicitada-contra-candidato-a-magistrado-del-poder-judicial-de-coahuila","status":"publish","type":"post","link":"https:\/\/rnoticias.com.mx\/Portal\/2025\/07\/09\/declara-ine-improcedente-medida-cautelar-solicitada-contra-candidato-a-magistrado-del-poder-judicial-de-coahuila\/","title":{"rendered":"Declara INE improcedente medida cautelar solicitada contra candidato a Magistrado del Poder Judicial de Coahuila"},"content":{"rendered":"<p class=\"x_MsoNormal\"><span data-olk-copy-source=\"MessageBody\">La Comisi\u00f3n de Quejas y Denuncias del Instituto Nacional Electoral (INE) resolvi\u00f3 una medida cautelar solicitada por un ciudadano, en contra de un candidato a Magistrado del Poder Judicial del estado de Coahuila, por la presunta contrataci\u00f3n de tiempo en radio, televisi\u00f3n e internet para difundir propaganda electoral en su favor, en el marco del Proceso Electoral Extraordinario para la elecci\u00f3n de integrantes del Poder Judicial de dicha entidad federativa 2024-2025.<\/span><\/p>\n<p class=\"x_MsoNormal\">\n<p class=\"x_MsoNormal\">La Comisi\u00f3n determin\u00f3 que es improcedente la adopci\u00f3n de las medidas solicitadas, toda vez que, el spot difundido en televisi\u00f3n y radio, ya no se transmite, por lo que se trata de hechos consumados de manera irreparable. En cuanto a las publicaciones del material denunciado en redes sociales, se advierte que el contenido todav\u00eda est\u00e1 visible, sin embargo, esta situaci\u00f3n no actualiza alg\u00fan riesgo inminente a los principios rectores de la materia, pues la Jornada Electoral del proceso de elecci\u00f3n de personas juzgadoras ya se llev\u00f3 a cabo el pasado 1 de junio de 2025.<\/p>\n","protected":false},"excerpt":{"rendered":"<p>La Comisi\u00f3n de Quejas y Denuncias del Instituto Nacional Electoral (INE) resolvi\u00f3 una medida cautelar solicitada por un ciudadano, en contra de un candidato a Magistrado del Poder Judicial del estado de Coahuila, por la presunta contrataci\u00f3n de tiempo en radio, televisi\u00f3n e internet para difundir propaganda electoral en su favor, en el marco del [&hellip;]<\/p>\n","protected":false},"author":2,"featured_media":223849,"comment_status":"closed","ping_status":"closed","sticky":false,"template":"","format":"standard","meta":{"footnotes":""},"categories":[12870,12868],"tags":[12865,12879],"class_list":["post-223848","post","type-post","status-publish","format-standard","has-post-thumbnail","hentry","category-destacadas","category-politica","tag-destacadas","tag-politica"],"jetpack_featured_media_url":"https:\/\/rnoticias.com.mx\/Portal\/wp-content\/uploads\/2025\/07\/INE-1.jpg","amp_enabled":true,"_links":{"self":[{"href":"https:\/\/rnoticias.com.mx\/Portal\/wp-json\/wp\/v2\/posts\/223848","targetHints":{"allow":["GET"]}}],"collection":[{"href":"https:\/\/rnoticias.com.mx\/Portal\/wp-json\/wp\/v2\/posts"}],"about":[{"href":"https:\/\/rnoticias.com.mx\/Portal\/wp-json\/wp\/v2\/types\/post"}],"author":[{"embeddable":true,"href":"https:\/\/rnoticias.com.mx\/Portal\/wp-json\/wp\/v2\/users\/2"}],"replies":[{"embeddable":true,"href":"https:\/\/rnoticias.com.mx\/Portal\/wp-json\/wp\/v2\/comments?post=223848"}],"version-history":[{"count":1,"href":"https:\/\/rnoticias.com.mx\/Portal\/wp-json\/wp\/v2\/posts\/223848\/revisions"}],"predecessor-version":[{"id":223850,"href":"https:\/\/rnoticias.com.mx\/Portal\/wp-json\/wp\/v2\/posts\/223848\/revisions\/223850"}],"wp:featuredmedia":[{"embeddable":true,"href":"https:\/\/rnoticias.com.mx\/Portal\/wp-json\/wp\/v2\/media\/223849"}],"wp:attachment":[{"href":"https:\/\/rnoticias.com.mx\/Portal\/wp-json\/wp\/v2\/media?parent=223848"}],"wp:term":[{"taxonomy":"category","embeddable":true,"href":"https:\/\/rnoticias.com.mx\/Portal\/wp-json\/wp\/v2\/categories?post=223848"},{"taxonomy":"post_tag","embeddable":true,"href":"https:\/\/rnoticias.com.mx\/Portal\/wp-json\/wp\/v2\/tags?post=223848"}],"curies":[{"name":"wp","href":"https:\/\/api.w.org\/{rel}","templated":true}]}}