{"id":223842,"date":"2025-07-09T08:06:54","date_gmt":"2025-07-09T15:06:54","guid":{"rendered":"https:\/\/rnoticias.com.mx\/Portal\/?p=223842"},"modified":"2025-07-09T08:06:54","modified_gmt":"2025-07-09T15:06:54","slug":"inflacion-en-mexico-llega-a-4-32-renta-carne-y-consumo-en-fondas-lo-que-mas-subio","status":"publish","type":"post","link":"https:\/\/rnoticias.com.mx\/Portal\/2025\/07\/09\/inflacion-en-mexico-llega-a-4-32-renta-carne-y-consumo-en-fondas-lo-que-mas-subio\/","title":{"rendered":"Inflaci\u00f3n en M\u00e9xico llega a 4.32%: renta, carne y consumo en fondas, lo que m\u00e1s subi\u00f3"},"content":{"rendered":"<p>La\u00a0<strong>inflaci\u00f3n general anual<\/strong>\u00a0en M\u00e9xico alcanz\u00f3\u00a0<strong>4.32% en junio de 2025<\/strong>, de acuerdo con el\u00a0<strong>INEGI<\/strong>. El incremento se explica por el alza de precios en productos clave como\u00a0<strong>vivienda<\/strong>,\u00a0<strong>alimentos<\/strong>,\u00a0<strong>servicios<\/strong>, y hasta en gastos cotidianos como\u00a0<strong>fondas y transporte a\u00e9reo<\/strong>.<\/p>\n<h2 id=\"h-que-significa-este-dato-y-como-afecta-tu-bolsillo\" class=\"wp-block-heading\">\u00bfQu\u00e9 significa este dato y c\u00f3mo afecta tu bolsillo?<\/h2>\n<p>El\u00a0<strong>\u00cdndice Nacional de Precios al Consumidor (INPC)<\/strong>\u00a0mide c\u00f3mo cambian los precios de los bienes y servicios que usamos d\u00eda con d\u00eda: desde lo que compramos en el s\u00faper hasta lo que pagamos de renta, transporte o comida fuera de casa. Es, b\u00e1sicamente, una forma de saber si nuestro dinero rinde m\u00e1s o menos que antes.<\/p>\n<p>Por ejemplo, si en junio de 2024 un kilo de carne costaba $150, y ahora cuesta $156, eso representa una variaci\u00f3n cercana a esa\u00a0<strong>inflaci\u00f3n del 4.32%<\/strong>. Y aunque ese n\u00famero parezca peque\u00f1o,\u00a0<strong>afecta directamente el poder de compra<\/strong>. El ingreso rinde menos si los precios suben m\u00e1s r\u00e1pido que los sueldos.<\/p>\n<h2 id=\"h-vivienda-carne-y-loncherias-impulsan-el-alza-de-precios\" class=\"wp-block-heading\">Vivienda, carne y loncher\u00edas impulsan el alza de precios<\/h2>\n<div class=\"code-block code-block-1\"><\/div>\n<p>Seg\u00fan el reporte oficial, el\u00a0<strong>INPC subi\u00f3 0.28% respecto a mayo<\/strong>, con una inflaci\u00f3n anual de 4.32%. La\u00a0<strong>inflaci\u00f3n subyacente<\/strong>, que representa el comportamiento m\u00e1s estable de los precios (sin contar frutas, verduras o energ\u00e9ticos), subi\u00f3\u00a0<strong>0.39% mensual y 4.24% anual<\/strong>. Mientras tanto, la inflaci\u00f3n\u00a0<strong>no subyacente<\/strong>, que incluye productos m\u00e1s vol\u00e1tiles como alimentos frescos y gasolinas, baj\u00f3\u00a0<strong>0.10% mensual<\/strong>, aunque su tasa anual fue de\u00a0<strong>4.33%<\/strong>.<\/p>\n<div class=\"code-block code-block-2\">\n<div class=\"truvidPos\"><\/div>\n<\/div>\n<p>Entre los productos con m\u00e1s alzas destacaron:<\/p>\n<div class=\"code-block code-block-8\">\n<div class=\"code-block\"><\/div>\n<div class=\"code-block\"><\/div>\n<\/div>\n<ul class=\"wp-block-list\">\n<li><strong>Vivienda propia<\/strong>\u00a0(+0.33%)<\/li>\n<li><strong>Comida corrida y taquer\u00edas<\/strong>\u00a0(+0.76%)<\/li>\n<li><strong>Carne de res<\/strong>\u00a0(+1.35%)<\/li>\n<li><strong>Transporte a\u00e9reo<\/strong>\u00a0(+7.23%)<\/li>\n<li><strong>Carne de cerdo<\/strong>\u00a0(+1.52%)<\/li>\n<\/ul>\n<p>Esto significa que salir a comer o rentar un lugar para vivir fue m\u00e1s caro que el mes anterior. Tambi\u00e9n es probable que notaras subidas en el precio del pollo, suavizantes, y hasta en las zanahorias, que aumentaron m\u00e1s de\u00a0<strong>13% en solo un mes<\/strong><\/p>\n<div class=\"code-block code-block-18\"><\/div>\n<h2 id=\"h-pero-tambien-hubo-respiros-frutas-y-verduras-bajaron\" class=\"wp-block-heading\">Pero tambi\u00e9n hubo respiros: frutas y verduras bajaron<\/h2>\n<p>No todo subi\u00f3. Algunos alimentos frescos como la\u00a0<strong>papaya<\/strong>\u00a0(-14%), el\u00a0<strong>chile serrano<\/strong>\u00a0(-15.3%), la\u00a0<strong>calabacita<\/strong>\u00a0(-9.95%) y la\u00a0<strong>guayaba<\/strong>\u00a0(-15.6%) tuvieron una\u00a0<strong>baja de precios importante<\/strong>. Esto podr\u00eda explicarse por ciclos agr\u00edcolas o mayor oferta en temporada.<\/p>\n<p>Este tipo de productos, al tener precios m\u00e1s variables, son los que m\u00e1s impactan la inflaci\u00f3n \u201cno subyacente\u201d. Por eso, aunque varios servicios y productos subieron, estas reducciones ayudaron a evitar que la inflaci\u00f3n mensual fuera m\u00e1s alta.<\/p>\n<h2 id=\"h-donde-se-sintio-mas-la-inflacion\" class=\"wp-block-heading\">\u00bfD\u00f3nde se sinti\u00f3 m\u00e1s la inflaci\u00f3n?<\/h2>\n<p>En algunas zonas del pa\u00eds, el impacto fue mayor. Estados como:<\/p>\n<p><strong>Chiapas<\/strong><\/p>\n<p><strong>Quer\u00e9taro<\/strong><\/p>\n<p><strong>Oaxaca<\/strong><\/p>\n<p>Reportaron aumentos por encima del promedio nacional. En ciudades como\u00a0<strong>Tuxtla Guti\u00e9rrez, Oaxaca capital y Quer\u00e9taro<\/strong>, el aumento mensual del INPC fue superior a\u00a0<strong>0.70%<\/strong>.<\/p>\n<p>En contraste, hubo lugares con ca\u00eddas, como\u00a0<strong>Toluca<\/strong>\u00a0o\u00a0<strong>Culiac\u00e1n<\/strong>, donde los precios bajaron respecto al mes anterior.<\/p>\n<h2 id=\"h-que-sigue-y-por-que-importa\" class=\"wp-block-heading\">\u00bfQu\u00e9 sigue y por qu\u00e9 importa?<\/h2>\n<p>Estos datos importan porque\u00a0<strong>influyen en decisiones clave<\/strong>: si sube mucho la inflaci\u00f3n, los bancos pueden aumentar las tasas de inter\u00e9s, lo que encarece los cr\u00e9ditos o hipotecas. Tambi\u00e9n influye en los aumentos salariales, precios de productos b\u00e1sicos o ajustes a programas sociales.<\/p>\n<p>El pr\u00f3ximo reporte se publicar\u00e1 el\u00a0<strong>7 de agosto<\/strong>, y ah\u00ed sabremos si esta tendencia contin\u00faa o se estabiliza. Mientras tanto, estar pendiente del\u00a0<strong>INPC<\/strong>\u00a0ayuda a tomar mejores decisiones en tu econom\u00eda diaria.<\/p>\n<p>&nbsp;<\/p>\n<p>Unotv<\/p>\n","protected":false},"excerpt":{"rendered":"<p>La\u00a0inflaci\u00f3n general anual\u00a0en M\u00e9xico alcanz\u00f3\u00a04.32% en junio de 2025, de acuerdo con el\u00a0INEGI. El incremento se explica por el alza de precios en productos clave como\u00a0vivienda,\u00a0alimentos,\u00a0servicios, y hasta en gastos cotidianos como\u00a0fondas y transporte a\u00e9reo. \u00bfQu\u00e9 significa este dato y c\u00f3mo afecta tu bolsillo? El\u00a0\u00cdndice Nacional de Precios al Consumidor (INPC)\u00a0mide c\u00f3mo cambian los precios [&hellip;]<\/p>\n","protected":false},"author":2,"featured_media":223843,"comment_status":"closed","ping_status":"closed","sticky":false,"template":"","format":"standard","meta":{"footnotes":""},"categories":[12870,172],"tags":[12865,12874],"class_list":["post-223842","post","type-post","status-publish","format-standard","has-post-thumbnail","hentry","category-destacadas","category-nacional","tag-destacadas","tag-nacional"],"jetpack_featured_media_url":"https:\/\/rnoticias.com.mx\/Portal\/wp-content\/uploads\/2025\/07\/20090803RA-032-RAW-4-300x167-1.jpg","amp_enabled":true,"_links":{"self":[{"href":"https:\/\/rnoticias.com.mx\/Portal\/wp-json\/wp\/v2\/posts\/223842","targetHints":{"allow":["GET"]}}],"collection":[{"href":"https:\/\/rnoticias.com.mx\/Portal\/wp-json\/wp\/v2\/posts"}],"about":[{"href":"https:\/\/rnoticias.com.mx\/Portal\/wp-json\/wp\/v2\/types\/post"}],"author":[{"embeddable":true,"href":"https:\/\/rnoticias.com.mx\/Portal\/wp-json\/wp\/v2\/users\/2"}],"replies":[{"embeddable":true,"href":"https:\/\/rnoticias.com.mx\/Portal\/wp-json\/wp\/v2\/comments?post=223842"}],"version-history":[{"count":1,"href":"https:\/\/rnoticias.com.mx\/Portal\/wp-json\/wp\/v2\/posts\/223842\/revisions"}],"predecessor-version":[{"id":223844,"href":"https:\/\/rnoticias.com.mx\/Portal\/wp-json\/wp\/v2\/posts\/223842\/revisions\/223844"}],"wp:featuredmedia":[{"embeddable":true,"href":"https:\/\/rnoticias.com.mx\/Portal\/wp-json\/wp\/v2\/media\/223843"}],"wp:attachment":[{"href":"https:\/\/rnoticias.com.mx\/Portal\/wp-json\/wp\/v2\/media?parent=223842"}],"wp:term":[{"taxonomy":"category","embeddable":true,"href":"https:\/\/rnoticias.com.mx\/Portal\/wp-json\/wp\/v2\/categories?post=223842"},{"taxonomy":"post_tag","embeddable":true,"href":"https:\/\/rnoticias.com.mx\/Portal\/wp-json\/wp\/v2\/tags?post=223842"}],"curies":[{"name":"wp","href":"https:\/\/api.w.org\/{rel}","templated":true}]}}