{"id":223839,"date":"2025-07-09T08:05:26","date_gmt":"2025-07-09T15:05:26","guid":{"rendered":"https:\/\/rnoticias.com.mx\/Portal\/?p=223839"},"modified":"2025-07-09T08:05:26","modified_gmt":"2025-07-09T15:05:26","slug":"shein-y-temu-mas-caros-europa-da-luz-verde-para-cobro-de-2-euros-en-pedidos-como-funciona","status":"publish","type":"post","link":"https:\/\/rnoticias.com.mx\/Portal\/2025\/07\/09\/shein-y-temu-mas-caros-europa-da-luz-verde-para-cobro-de-2-euros-en-pedidos-como-funciona\/","title":{"rendered":"\u00bfShein y Temu m\u00e1s caros? Europa da luz verde para cobro de 2 euros en pedidos, c\u00f3mo funciona"},"content":{"rendered":"<p>El\u00a0<strong>Parlamento Europeo<\/strong>\u00a0aprob\u00f3 este mi\u00e9rcoles 9 de julio un informe que respalda la propuesta de imponer una\u00a0<strong>tasa de 2 euros a las compras realizadas en plataformas como Shein y Temu<\/strong>, siempre que este nuevo cargo\u00a0<strong>no sea pagado por el consumidor final<\/strong>. El objetivo es mejorar los controles aduaneros sobre los millones de paquetes que ingresan a la Uni\u00f3n Europea desde fuera del bloque.<\/p>\n<p>Con\u00a0<strong>619 votos a favor<\/strong>, la Euroc\u00e1mara tambi\u00e9n apoya eliminar la actual exenci\u00f3n de impuestos a productos de menos de 150 euros, una medida clave dentro de la reforma al\u00a0<strong>C\u00f3digo Aduanero de la UE<\/strong>. Se estima que\u00a0<strong>el 65% de los paquetes que llegan al bloque est\u00e1n subvalorados<\/strong>, lo que genera p\u00e9rdidas fiscales y dificulta el control de seguridad.<\/p>\n<h2 id=\"h-eurodiputados-apoyan-reforzar-controles-a-shein-temu-y-otras-plataformas\" class=\"wp-block-heading\">Eurodiputados apoyan reforzar controles a Shein, Temu y otras plataformas<\/h2>\n<p>La propuesta de tasa de\u00a0<strong>2 euros por paquete<\/strong>\u00a0a\u00fan no es definitiva, pero cuenta con el apoyo de los eurodiputados, siempre que se\u00a0<strong>garantice su proporcionalidad<\/strong>, que\u00a0<strong>cumpla con las reglas de la OMC<\/strong>\u00a0y que\u00a0<strong>no impacte directamente al consumidor<\/strong>. La medida busca responder a la avalancha de m\u00e1s de\u00a0<strong>12 millones de paquetes diarios<\/strong>\u00a0provenientes de tiendas digitales extracomunitarias.<\/p>\n<div class=\"code-block code-block-1\"><\/div>\n<p>Adem\u00e1s, el Parlamento Europeo considera viable que las\u00a0<strong>plataformas almacenen productos dentro del territorio comunitario<\/strong>, lo cual permitir\u00eda realizar mejores controles de seguridad. Para lograrlo, ser\u00eda necesario\u00a0<strong>convencer a los operadores extranjeros<\/strong>\u00a0de usar centros de distribuci\u00f3n dentro de la UE.<\/p>\n<div class=\"code-block code-block-2\">\n<div class=\"truvidPos\"><\/div>\n<\/div>\n<p>Tambi\u00e9n se propuso avanzar hacia una\u00a0<strong>digitalizaci\u00f3n del sistema aduanero<\/strong>\u00a0mediante tecnolog\u00edas como la\u00a0<strong>inteligencia artificial<\/strong>\u00a0y la\u00a0<strong>cadena de bloques<\/strong>, con el fin de agilizar y hacer m\u00e1s eficaces los controles. Por \u00faltimo, se pidi\u00f3 a los Estados miembro que\u00a0<strong>inviertan m\u00e1s en aduanas nacionales<\/strong>\u00a0y a la UE que refuerce la aplicaci\u00f3n de sus normas.<\/p>\n<p>&nbsp;<\/p>\n<p>Unotv<\/p>\n","protected":false},"excerpt":{"rendered":"<p>El\u00a0Parlamento Europeo\u00a0aprob\u00f3 este mi\u00e9rcoles 9 de julio un informe que respalda la propuesta de imponer una\u00a0tasa de 2 euros a las compras realizadas en plataformas como Shein y Temu, siempre que este nuevo cargo\u00a0no sea pagado por el consumidor final. El objetivo es mejorar los controles aduaneros sobre los millones de paquetes que ingresan a [&hellip;]<\/p>\n","protected":false},"author":2,"featured_media":223840,"comment_status":"closed","ping_status":"closed","sticky":false,"template":"","format":"standard","meta":{"footnotes":""},"categories":[12870,182],"tags":[12865,12871],"class_list":["post-223839","post","type-post","status-publish","format-standard","has-post-thumbnail","hentry","category-destacadas","category-internacional","tag-destacadas","tag-internacional"],"jetpack_featured_media_url":"https:\/\/rnoticias.com.mx\/Portal\/wp-content\/uploads\/2025\/07\/G3RRTE2X3ND7JE3CHQAXLS7IHY.jpg","amp_enabled":true,"_links":{"self":[{"href":"https:\/\/rnoticias.com.mx\/Portal\/wp-json\/wp\/v2\/posts\/223839","targetHints":{"allow":["GET"]}}],"collection":[{"href":"https:\/\/rnoticias.com.mx\/Portal\/wp-json\/wp\/v2\/posts"}],"about":[{"href":"https:\/\/rnoticias.com.mx\/Portal\/wp-json\/wp\/v2\/types\/post"}],"author":[{"embeddable":true,"href":"https:\/\/rnoticias.com.mx\/Portal\/wp-json\/wp\/v2\/users\/2"}],"replies":[{"embeddable":true,"href":"https:\/\/rnoticias.com.mx\/Portal\/wp-json\/wp\/v2\/comments?post=223839"}],"version-history":[{"count":1,"href":"https:\/\/rnoticias.com.mx\/Portal\/wp-json\/wp\/v2\/posts\/223839\/revisions"}],"predecessor-version":[{"id":223841,"href":"https:\/\/rnoticias.com.mx\/Portal\/wp-json\/wp\/v2\/posts\/223839\/revisions\/223841"}],"wp:featuredmedia":[{"embeddable":true,"href":"https:\/\/rnoticias.com.mx\/Portal\/wp-json\/wp\/v2\/media\/223840"}],"wp:attachment":[{"href":"https:\/\/rnoticias.com.mx\/Portal\/wp-json\/wp\/v2\/media?parent=223839"}],"wp:term":[{"taxonomy":"category","embeddable":true,"href":"https:\/\/rnoticias.com.mx\/Portal\/wp-json\/wp\/v2\/categories?post=223839"},{"taxonomy":"post_tag","embeddable":true,"href":"https:\/\/rnoticias.com.mx\/Portal\/wp-json\/wp\/v2\/tags?post=223839"}],"curies":[{"name":"wp","href":"https:\/\/api.w.org\/{rel}","templated":true}]}}