{"id":223836,"date":"2025-07-09T08:04:13","date_gmt":"2025-07-09T15:04:13","guid":{"rendered":"https:\/\/rnoticias.com.mx\/Portal\/?p=223836"},"modified":"2025-07-09T08:04:13","modified_gmt":"2025-07-09T15:04:13","slug":"recibe-gobierno-de-sonora-mas-de-2-mil-llamadas-por-salud-mental-a-traves-del-9-1-1","status":"publish","type":"post","link":"https:\/\/rnoticias.com.mx\/Portal\/2025\/07\/09\/recibe-gobierno-de-sonora-mas-de-2-mil-llamadas-por-salud-mental-a-traves-del-9-1-1\/","title":{"rendered":"Recibe Gobierno de Sonora m\u00e1s de 2 mil llamadas por salud mental a trav\u00e9s del 9-1-1"},"content":{"rendered":"<p>Hermosillo, Sonora; 9 de julio de 2025.- El Gobierno de Sonora, a trav\u00e9s de la Secretar\u00eda de Salud (SSP) y la Direcci\u00f3n General de Salud Mental y Adicciones (DGSMA), contin\u00faa atendiendo la salud mental de la poblaci\u00f3n mediante la l\u00ednea de emergencia 9-1-1.<\/p>\n<p>La SSP detall\u00f3 que psic\u00f3logos capacitados atienden las llamadas que les canaliza dicha l\u00ednea, para orientar a personas que se encuentran en crisis de ansiedad, depresi\u00f3n o en alguna situaci\u00f3n emocional dif\u00edcil.<\/p>\n<p>Mencion\u00f3 que, de dichas llamadas, 793 correspondieron a tentativas de suicidio, 286 a crisis emocionales y el resto a diversos temas relacionados con violencia intrafamiliar, trastornos mentales y reportes ciudadanos, entre otros.<\/p>\n<p>Es as\u00ed como dicho programa ha resultado ser una herramienta muy \u00fatil como alternativa de atenci\u00f3n presencial, pues de manera inmediata responde a la necesidad de escucha y respuesta a la poblaci\u00f3n que requiere este tipo apoyo emocional.<\/p>\n<p>Finalmente, la dependencia estatal hizo un llamado a la ciudadan\u00eda a solicitar ayuda en caso de presentar s\u00edntomas de depresi\u00f3n, ansiedad, nerviosismo, inestabilidad emocional o cualquier alteraci\u00f3n del estado de \u00e1nimo, llamando al 9-1-1, l\u00ednea de emergencia, para ser canalizado al Despacho de Salud Mental.<\/p>\n","protected":false},"excerpt":{"rendered":"<p>Hermosillo, Sonora; 9 de julio de 2025.- El Gobierno de Sonora, a trav\u00e9s de la Secretar\u00eda de Salud (SSP) y la Direcci\u00f3n General de Salud Mental y Adicciones (DGSMA), contin\u00faa atendiendo la salud mental de la poblaci\u00f3n mediante la l\u00ednea de emergencia 9-1-1. La SSP detall\u00f3 que psic\u00f3logos capacitados atienden las llamadas que les canaliza [&hellip;]<\/p>\n","protected":false},"author":2,"featured_media":223837,"comment_status":"closed","ping_status":"closed","sticky":false,"template":"","format":"standard","meta":{"footnotes":""},"categories":[12870,178],"tags":[12865,12869],"class_list":["post-223836","post","type-post","status-publish","format-standard","has-post-thumbnail","hentry","category-destacadas","category-local","tag-destacadas","tag-local"],"jetpack_featured_media_url":"https:\/\/rnoticias.com.mx\/Portal\/wp-content\/uploads\/2025\/07\/unnamed-1-12.jpg","amp_enabled":true,"_links":{"self":[{"href":"https:\/\/rnoticias.com.mx\/Portal\/wp-json\/wp\/v2\/posts\/223836","targetHints":{"allow":["GET"]}}],"collection":[{"href":"https:\/\/rnoticias.com.mx\/Portal\/wp-json\/wp\/v2\/posts"}],"about":[{"href":"https:\/\/rnoticias.com.mx\/Portal\/wp-json\/wp\/v2\/types\/post"}],"author":[{"embeddable":true,"href":"https:\/\/rnoticias.com.mx\/Portal\/wp-json\/wp\/v2\/users\/2"}],"replies":[{"embeddable":true,"href":"https:\/\/rnoticias.com.mx\/Portal\/wp-json\/wp\/v2\/comments?post=223836"}],"version-history":[{"count":1,"href":"https:\/\/rnoticias.com.mx\/Portal\/wp-json\/wp\/v2\/posts\/223836\/revisions"}],"predecessor-version":[{"id":223838,"href":"https:\/\/rnoticias.com.mx\/Portal\/wp-json\/wp\/v2\/posts\/223836\/revisions\/223838"}],"wp:featuredmedia":[{"embeddable":true,"href":"https:\/\/rnoticias.com.mx\/Portal\/wp-json\/wp\/v2\/media\/223837"}],"wp:attachment":[{"href":"https:\/\/rnoticias.com.mx\/Portal\/wp-json\/wp\/v2\/media?parent=223836"}],"wp:term":[{"taxonomy":"category","embeddable":true,"href":"https:\/\/rnoticias.com.mx\/Portal\/wp-json\/wp\/v2\/categories?post=223836"},{"taxonomy":"post_tag","embeddable":true,"href":"https:\/\/rnoticias.com.mx\/Portal\/wp-json\/wp\/v2\/tags?post=223836"}],"curies":[{"name":"wp","href":"https:\/\/api.w.org\/{rel}","templated":true}]}}