{"id":223539,"date":"2025-07-04T20:57:54","date_gmt":"2025-07-05T03:57:54","guid":{"rendered":"https:\/\/rnoticias.com.mx\/Portal\/?p=223539"},"modified":"2025-07-04T20:57:54","modified_gmt":"2025-07-05T03:57:54","slug":"este-verano-ninas-y-ninos-viviran-el-campamento-cuida-2025","status":"publish","type":"post","link":"https:\/\/rnoticias.com.mx\/Portal\/2025\/07\/04\/este-verano-ninas-y-ninos-viviran-el-campamento-cuida-2025\/","title":{"rendered":"Este verano, ni\u00f1as y ni\u00f1os vivir\u00e1n el Campamento CUIDA 2025"},"content":{"rendered":"<p><b data-olk-copy-source=\"MessageBody\">Hermosillo, Sonora; 4 de julio, 2025.-<\/b>\u00a0Con el objetivo de brindar a las hijas e hijos del personal de Agua de Hermosillo un verano lleno de aprendizaje, diversi\u00f3n y valores, Agua de Hermosillo, en conjunto con el Sindicato de Trabajadores de Agua de Hermosillo-CTM, anuncia la realizaci\u00f3n del Campamento de Verano CUIDA 2025.<\/p>\n<p aria-hidden=\"true\">\n<p>Este evento se llevar\u00e1 a cabo del 29 al 31 de julio en el Sal\u00f3n de Eventos Francisco Boj\u00f3rquez, ubicado en las instalaciones de la CTM Hermosillo, y est\u00e1 dise\u00f1ado para ofrecer a los peque\u00f1os participantes una experiencia enriquecedora a trav\u00e9s de actividades educativas, deportivas, de desarrollo de habilidades sociales y emocionales.<\/p>\n<p aria-hidden=\"true\">\n<p>La titular de la Gerencia de Fomento a la Cultura del Agua y Corresponsabilidad Ciudadana, Rebeca Villanueva, inform\u00f3 que el campamento es parte de una serie de acciones que buscan fortalecer el v\u00ednculo familiar y comunitario, as\u00ed como fomentar valores de solidaridad y participaci\u00f3n social desde temprana edad.<\/p>\n<p aria-hidden=\"true\">\n<p><b>\u00bfQui\u00e9nes pueden participar?<\/b><\/p>\n<p>\u2022 Ni\u00f1as y ni\u00f1os de 6 a 12 a\u00f1os, hijos del personal del organismo operador.<\/p>\n<p aria-hidden=\"true\">\n<p><b>\u00bfQu\u00e9 se necesita para inscribirse?<\/b><\/p>\n<p>\u2022 Acta de nacimiento del menor.<\/p>\n<p>\u2022 Llenar el formato de registro proporcionado por los organizadores.<\/p>\n<p>\u2022 Aportar 1 kilo de alimento no perecedero y\/o 2 art\u00edculos de limpieza.<\/p>\n<p>\u2022 Todo lo recaudado ser\u00e1 entregado a la Asociaci\u00f3n \u201cCoraz\u00f3n de Superh\u00e9roe\u201d, reforzando as\u00ed el valor de la empat\u00eda y el compromiso social.<\/p>\n<p aria-hidden=\"true\">\n<p><b>Fechas de registro:<\/b><\/p>\n<p><b>\u00a0<\/b><\/p>\n<p>Del 3 al 25 de julio, en las oficinas de Cultura del Agua o del Sindicato de Trabajadores de Agua de Hermosillo-CTM.<\/p>\n<p aria-hidden=\"true\">\n<p>Cupo limitado. Por lo tanto, se invita a las familias a registrar a sus hijos con tiempo.<\/p>\n","protected":false},"excerpt":{"rendered":"<p>Hermosillo, Sonora; 4 de julio, 2025.-\u00a0Con el objetivo de brindar a las hijas e hijos del personal de Agua de Hermosillo un verano lleno de aprendizaje, diversi\u00f3n y valores, Agua de Hermosillo, en conjunto con el Sindicato de Trabajadores de Agua de Hermosillo-CTM, anuncia la realizaci\u00f3n del Campamento de Verano CUIDA 2025. Este evento se [&hellip;]<\/p>\n","protected":false},"author":2,"featured_media":223540,"comment_status":"closed","ping_status":"closed","sticky":false,"template":"","format":"standard","meta":{"footnotes":""},"categories":[12870,178],"tags":[12865,12869],"class_list":["post-223539","post","type-post","status-publish","format-standard","has-post-thumbnail","hentry","category-destacadas","category-local","tag-destacadas","tag-local"],"jetpack_featured_media_url":"https:\/\/rnoticias.com.mx\/Portal\/wp-content\/uploads\/2025\/07\/Captura-de-Pantalla-2025-07-04-a-las-16.36.13-696x409-1.png","amp_enabled":true,"_links":{"self":[{"href":"https:\/\/rnoticias.com.mx\/Portal\/wp-json\/wp\/v2\/posts\/223539","targetHints":{"allow":["GET"]}}],"collection":[{"href":"https:\/\/rnoticias.com.mx\/Portal\/wp-json\/wp\/v2\/posts"}],"about":[{"href":"https:\/\/rnoticias.com.mx\/Portal\/wp-json\/wp\/v2\/types\/post"}],"author":[{"embeddable":true,"href":"https:\/\/rnoticias.com.mx\/Portal\/wp-json\/wp\/v2\/users\/2"}],"replies":[{"embeddable":true,"href":"https:\/\/rnoticias.com.mx\/Portal\/wp-json\/wp\/v2\/comments?post=223539"}],"version-history":[{"count":1,"href":"https:\/\/rnoticias.com.mx\/Portal\/wp-json\/wp\/v2\/posts\/223539\/revisions"}],"predecessor-version":[{"id":223541,"href":"https:\/\/rnoticias.com.mx\/Portal\/wp-json\/wp\/v2\/posts\/223539\/revisions\/223541"}],"wp:featuredmedia":[{"embeddable":true,"href":"https:\/\/rnoticias.com.mx\/Portal\/wp-json\/wp\/v2\/media\/223540"}],"wp:attachment":[{"href":"https:\/\/rnoticias.com.mx\/Portal\/wp-json\/wp\/v2\/media?parent=223539"}],"wp:term":[{"taxonomy":"category","embeddable":true,"href":"https:\/\/rnoticias.com.mx\/Portal\/wp-json\/wp\/v2\/categories?post=223539"},{"taxonomy":"post_tag","embeddable":true,"href":"https:\/\/rnoticias.com.mx\/Portal\/wp-json\/wp\/v2\/tags?post=223539"}],"curies":[{"name":"wp","href":"https:\/\/api.w.org\/{rel}","templated":true}]}}