{"id":223525,"date":"2025-07-04T20:35:28","date_gmt":"2025-07-05T03:35:28","guid":{"rendered":"https:\/\/rnoticias.com.mx\/Portal\/?p=223525"},"modified":"2025-07-04T20:35:28","modified_gmt":"2025-07-05T03:35:28","slug":"instalan-oficinas-de-canaco-rio-sonora-sierra-en-ures","status":"publish","type":"post","link":"https:\/\/rnoticias.com.mx\/Portal\/2025\/07\/04\/instalan-oficinas-de-canaco-rio-sonora-sierra-en-ures\/","title":{"rendered":"Instalan oficinas de Canaco R\u00edo Sonora-Sierra en Ures"},"content":{"rendered":"<div data-olk-copy-source=\"MessageBody\">Este viernes se formaliz\u00f3 la instalaci\u00f3n de la C\u00e1mara Nacional de Comercio (Canaco) R\u00edo Sonora-Sierra en el municipio de Ures, con sede en el Palacio Municipal y un horario de atenci\u00f3n de 8:00 a 15:00 horas.<\/div>\n<div aria-hidden=\"true\"><\/div>\n<div>Juan Pedro Villegas Aguayo, presidente de la delegaci\u00f3n Canaco R\u00edo Sonora-Sierra, detall\u00f3 que la nueva oficina buscar\u00e1 fortalecer el comercio local, brindar representaci\u00f3n a los sectores econ\u00f3micos de la regi\u00f3n y fomentar la organizaci\u00f3n entre emprendedores, productores y comerciantes.<\/div>\n<div><\/div>\n<div>\u201cDe organizar, de darle voz a los sectores econ\u00f3micos, que yo creo que son sectores que en cierta manera han venido creciendo, desarroll\u00e1ndose de manera individual, independiente, y pasarlos y trasladarlos a un esquema de m\u00e1s organizados, a un esquema de uni\u00f3n, de intercambio, entre ellos de capacitaciones\u201d, dijo.<\/div>\n<div aria-hidden=\"true\"><\/div>\n<div>Detall\u00f3 que la delegaci\u00f3n dar\u00e1 cobertura a 38 municipios de la regi\u00f3n, promoviendo capacitaciones, intercambio de experiencias y el paso de negocios informales a la formalidad, donde podr\u00e1n acceder a mayores beneficios y apoyos.<\/div>\n","protected":false},"excerpt":{"rendered":"<p>Este viernes se formaliz\u00f3 la instalaci\u00f3n de la C\u00e1mara Nacional de Comercio (Canaco) R\u00edo Sonora-Sierra en el municipio de Ures, con sede en el Palacio Municipal y un horario de atenci\u00f3n de 8:00 a 15:00 horas. Juan Pedro Villegas Aguayo, presidente de la delegaci\u00f3n Canaco R\u00edo Sonora-Sierra, detall\u00f3 que la nueva oficina buscar\u00e1 fortalecer el [&hellip;]<\/p>\n","protected":false},"author":2,"featured_media":223526,"comment_status":"closed","ping_status":"closed","sticky":false,"template":"","format":"standard","meta":{"footnotes":""},"categories":[12870,174],"tags":[12865,12873],"class_list":["post-223525","post","type-post","status-publish","format-standard","has-post-thumbnail","hentry","category-destacadas","category-estatal","tag-destacadas","tag-estatal"],"jetpack_featured_media_url":"https:\/\/rnoticias.com.mx\/Portal\/wp-content\/uploads\/2025\/07\/e0f099ce-b46e-4417-b2be-174de89b16fa.jpg","amp_enabled":true,"_links":{"self":[{"href":"https:\/\/rnoticias.com.mx\/Portal\/wp-json\/wp\/v2\/posts\/223525","targetHints":{"allow":["GET"]}}],"collection":[{"href":"https:\/\/rnoticias.com.mx\/Portal\/wp-json\/wp\/v2\/posts"}],"about":[{"href":"https:\/\/rnoticias.com.mx\/Portal\/wp-json\/wp\/v2\/types\/post"}],"author":[{"embeddable":true,"href":"https:\/\/rnoticias.com.mx\/Portal\/wp-json\/wp\/v2\/users\/2"}],"replies":[{"embeddable":true,"href":"https:\/\/rnoticias.com.mx\/Portal\/wp-json\/wp\/v2\/comments?post=223525"}],"version-history":[{"count":1,"href":"https:\/\/rnoticias.com.mx\/Portal\/wp-json\/wp\/v2\/posts\/223525\/revisions"}],"predecessor-version":[{"id":223527,"href":"https:\/\/rnoticias.com.mx\/Portal\/wp-json\/wp\/v2\/posts\/223525\/revisions\/223527"}],"wp:featuredmedia":[{"embeddable":true,"href":"https:\/\/rnoticias.com.mx\/Portal\/wp-json\/wp\/v2\/media\/223526"}],"wp:attachment":[{"href":"https:\/\/rnoticias.com.mx\/Portal\/wp-json\/wp\/v2\/media?parent=223525"}],"wp:term":[{"taxonomy":"category","embeddable":true,"href":"https:\/\/rnoticias.com.mx\/Portal\/wp-json\/wp\/v2\/categories?post=223525"},{"taxonomy":"post_tag","embeddable":true,"href":"https:\/\/rnoticias.com.mx\/Portal\/wp-json\/wp\/v2\/tags?post=223525"}],"curies":[{"name":"wp","href":"https:\/\/api.w.org\/{rel}","templated":true}]}}